{"id":25874,"date":"2020-11-10T10:30:44","date_gmt":"2020-11-10T10:30:44","guid":{"rendered":"https:\/\/gazetaregionalna.com\/?p=25874"},"modified":"2020-11-10T10:30:45","modified_gmt":"2020-11-10T10:30:45","slug":"starostwo-powiatowe","status":"publish","type":"post","link":"https:\/\/gazetaregionalna.com\/?p=25874","title":{"rendered":"Starostwo Powiatowe w Lubli\u0144cu rozdaje darmowe chryzantemy"},"content":{"rendered":"\n<h2 class=\"wp-block-heading\">Starostwo Powiatowe w Lubli\u0144cu rozdaje mieszka\u0144com powiatu lublinieckiego darmowe chryzantemy w ramach pomocy producentom i sprzedawcom kwiat\u00f3w.<\/h2>\n\n\n\n<p>W ramach akcji \u201ePomoc dla posiadaczy chryzantem\u201d <strong>dzisiaj od godziny 12:00<\/strong> przed budynkiem Starostwa Powiatowego w Lubli\u0144cu wystawione zostan\u0105 chryzantemy doniczkowe, kt\u00f3re zosta\u0142y zakupione i przekazane przez  ARiMR w Lubli\u0144cu z powodu wprowadzonego zakazu wst\u0119pu na cmentarze.<\/p>\n\n\n\n<p>Kwiaty mog\u0105 za darmo odbiera\u0107 mieszka\u0144cy z powiatu lublinieckiego. Je\u015bli akcja ta b\u0119dzie cieszy\u0107 si\u0119 du\u017cym zainteresowaniem, b\u0119dzie ona kontynuowana w kolejnych dniach.<\/p>\n\n\n\n<p>Starostwo prosi, by odbieranie kwiat\u00f3w odbywa\u0142o si\u0119 z zachowaniem pe\u0142nego re\u017cimu sanitarnego i wszelkich obostrze\u0144 zwi\u0105zanych ze stanem pandemii.<\/p>\n","protected":false},"excerpt":{"rendered":"<p>Starostwo Powiatowe w Lubli\u0144cu rozdaje mieszka\u0144com powiatu lublinieckiego darmowe chryzantemy w ramach pomocy producentom i sprzedawcom kwiat\u00f3w. W ramach akcji \u201ePomoc dla posiadaczy chryzantem\u201d<\/p>\n","protected":false},"author":12,"featured_media":25876,"comment_status":"open","ping_status":"open","sticky":false,"template":"","format":"standard","meta":{"_monsterinsights_skip_tracking":false,"_monsterinsights_sitenote_active":false,"_monsterinsights_sitenote_note":"","_monsterinsights_sitenote_category":0,"_uf_show_specific_survey":0,"_uf_disable_surveys":false,"footnotes":""},"categories":[94,25,4,2],"tags":[],"class_list":["post-25874","post","type-post","status-publish","format-standard","has-post-thumbnail","hentry","category-polecane","category-lubliniec","category-region","category-wiadomosci"],"_links":{"self":[{"href":"https:\/\/gazetaregionalna.com\/index.php?rest_route=\/wp\/v2\/posts\/25874","targetHints":{"allow":["GET"]}}],"collection":[{"href":"https:\/\/gazetaregionalna.com\/index.php?rest_route=\/wp\/v2\/posts"}],"about":[{"href":"https:\/\/gazetaregionalna.com\/index.php?rest_route=\/wp\/v2\/types\/post"}],"author":[{"embeddable":true,"href":"https:\/\/gazetaregionalna.com\/index.php?rest_route=\/wp\/v2\/users\/12"}],"replies":[{"embeddable":true,"href":"https:\/\/gazetaregionalna.com\/index.php?rest_route=%2Fwp%2Fv2%2Fcomments&post=25874"}],"version-history":[{"count":2,"href":"https:\/\/gazetaregionalna.com\/index.php?rest_route=\/wp\/v2\/posts\/25874\/revisions"}],"predecessor-version":[{"id":25877,"href":"https:\/\/gazetaregionalna.com\/index.php?rest_route=\/wp\/v2\/posts\/25874\/revisions\/25877"}],"wp:featuredmedia":[{"embeddable":true,"href":"https:\/\/gazetaregionalna.com\/index.php?rest_route=\/wp\/v2\/media\/25876"}],"wp:attachment":[{"href":"https:\/\/gazetaregionalna.com\/index.php?rest_route=%2Fwp%2Fv2%2Fmedia&parent=25874"}],"wp:term":[{"taxonomy":"category","embeddable":true,"href":"https:\/\/gazetaregionalna.com\/index.php?rest_route=%2Fwp%2Fv2%2Fcategories&post=25874"},{"taxonomy":"post_tag","embeddable":true,"href":"https:\/\/gazetaregionalna.com\/index.php?rest_route=%2Fwp%2Fv2%2Ftags&post=25874"}],"curies":[{"name":"wp","href":"https:\/\/api.w.org\/{rel}","templated":true}]}}