{"id":25868,"date":"2020-11-10T09:46:30","date_gmt":"2020-11-10T09:46:30","guid":{"rendered":"https:\/\/gazetaregionalna.com\/?p=25868"},"modified":"2020-11-10T09:49:49","modified_gmt":"2020-11-10T09:49:49","slug":"slaskie-znowu-w-czolowce-zakazen-wzrost-liczby-zmarlych-z-powodu-covid-19","status":"publish","type":"post","link":"https:\/\/gazetaregionalna.com\/?p=25868","title":{"rendered":"\u015al\u0105skie znowu w czo\u0142\u00f3wce zaka\u017ce\u0144. Wzrost liczby zmar\u0142ych z powodu COVID-19"},"content":{"rendered":"\n<h2 class=\"wp-block-heading\">\u015al\u0105skie znowu w czo\u0142\u00f3wce zaka\u017ce\u0144. Wzrost liczby zmar\u0142ych z powodu COVID-19.<\/h2>\n\n\n\n<p><br> Jak poda\u0142o Miniesterstwo Zdrowia, ostatniej doby w kraju odnotowano 25 484 nowych zaka\u017ce\u0144 koronawirusem. Z powodu COVID -19 zmar\u0142y 324 osoby.<\/p>\n\n\n\n<p><br> Najwi\u0119cej nowych przypadk\u00f3w zaka\u017cenia stwierdzono kolejny dzie\u0144 w wojew\u00f3dztwie \u015bl\u0105skim. W ci\u0105gu ostatnich 24 godzin przyby\u0142o tu a\u017c 4276 zaka\u017conych. <\/p>\n\n\n\n<p><br> W Cz\u0119stochowie odnotowano 219 nowych zaka\u017ce\u0144. W powiecie ich liczba wynosi 84.<\/p>\n\n\n\n<figure class=\"wp-block-image size-large\"><img decoding=\"async\" width=\"1024\" height=\"383\" data-src=\"https:\/\/gazetaregionalna.com\/wp-content\/uploads\/2020\/11\/czesto-1024x383.png\" alt=\"\" class=\"wp-image-25870 lazyload\" data-srcset=\"https:\/\/gazetaregionalna.com\/wp-content\/uploads\/2020\/11\/czesto-1024x383.png 1024w, https:\/\/gazetaregionalna.com\/wp-content\/uploads\/2020\/11\/czesto-300x112.png 300w, https:\/\/gazetaregionalna.com\/wp-content\/uploads\/2020\/11\/czesto-768x287.png 768w, https:\/\/gazetaregionalna.com\/wp-content\/uploads\/2020\/11\/czesto-1536x574.png 1536w, https:\/\/gazetaregionalna.com\/wp-content\/uploads\/2020\/11\/czesto-696x260.png 696w, https:\/\/gazetaregionalna.com\/wp-content\/uploads\/2020\/11\/czesto-1068x399.png 1068w, https:\/\/gazetaregionalna.com\/wp-content\/uploads\/2020\/11\/czesto-1123x420.png 1123w, https:\/\/gazetaregionalna.com\/wp-content\/uploads\/2020\/11\/czesto.png 1754w\" data-sizes=\"(max-width: 1024px) 100vw, 1024px\" src=\"data:image\/svg+xml;base64,PHN2ZyB3aWR0aD0iMSIgaGVpZ2h0PSIxIiB4bWxucz0iaHR0cDovL3d3dy53My5vcmcvMjAwMC9zdmciPjwvc3ZnPg==\" style=\"--smush-placeholder-width: 1024px; --smush-placeholder-aspect-ratio: 1024\/383;\" \/><\/figure>\n\n\n\n<p><br> W pozosta\u0142ych wojew\u00f3dztwach liczba nowo zaka\u017conych przedstawia si\u0119 nast\u0119puj\u0105co: wielkopolskie (3846), ma\u0142opolskie (2697), mazowieckie (1982), dolno\u015bl\u0105skie (2541), \u0142\u00f3dzkie (1431), podkarpackie (1236), pomorskie (1116), kujawsko-pomorskie (1108), lubelskie (985), opolskie (762), zachodniopomorskie (738), \u015bwi\u0119tokrzyskie (753), podlaskie (714), lubuskie (650), warmi\u0144sko-mazurskie (649). <\/p>\n\n\n\n<p>Z powodu COVID-19 zmar\u0142o 61 os\u00f3b, natomiast z powodu wsp\u00f3\u0142istnienia COVID-19 z innymi schorzeniami &#8211; 269 chorych.<\/p>\n","protected":false},"excerpt":{"rendered":"<p>\u015al\u0105skie znowu w czo\u0142\u00f3wce zaka\u017ce\u0144. Wzrost liczby zmar\u0142ych z powodu COVID-19. Jak poda\u0142o Miniesterstwo Zdrowia, ostatniej doby w kraju odnotowano 25 484 nowych zaka\u017ce\u0144<\/p>\n","protected":false},"author":7,"featured_media":25873,"comment_status":"open","ping_status":"open","sticky":false,"template":"","format":"standard","meta":{"_monsterinsights_skip_tracking":false,"_monsterinsights_sitenote_active":false,"_monsterinsights_sitenote_note":"","_monsterinsights_sitenote_category":0,"_uf_show_specific_survey":0,"_uf_disable_surveys":false,"footnotes":""},"categories":[94,2],"tags":[],"class_list":["post-25868","post","type-post","status-publish","format-standard","has-post-thumbnail","hentry","category-polecane","category-wiadomosci"],"_links":{"self":[{"href":"https:\/\/gazetaregionalna.com\/index.php?rest_route=\/wp\/v2\/posts\/25868","targetHints":{"allow":["GET"]}}],"collection":[{"href":"https:\/\/gazetaregionalna.com\/index.php?rest_route=\/wp\/v2\/posts"}],"about":[{"href":"https:\/\/gazetaregionalna.com\/index.php?rest_route=\/wp\/v2\/types\/post"}],"author":[{"embeddable":true,"href":"https:\/\/gazetaregionalna.com\/index.php?rest_route=\/wp\/v2\/users\/7"}],"replies":[{"embeddable":true,"href":"https:\/\/gazetaregionalna.com\/index.php?rest_route=%2Fwp%2Fv2%2Fcomments&post=25868"}],"version-history":[{"count":2,"href":"https:\/\/gazetaregionalna.com\/index.php?rest_route=\/wp\/v2\/posts\/25868\/revisions"}],"predecessor-version":[{"id":25871,"href":"https:\/\/gazetaregionalna.com\/index.php?rest_route=\/wp\/v2\/posts\/25868\/revisions\/25871"}],"wp:featuredmedia":[{"embeddable":true,"href":"https:\/\/gazetaregionalna.com\/index.php?rest_route=\/wp\/v2\/media\/25873"}],"wp:attachment":[{"href":"https:\/\/gazetaregionalna.com\/index.php?rest_route=%2Fwp%2Fv2%2Fmedia&parent=25868"}],"wp:term":[{"taxonomy":"category","embeddable":true,"href":"https:\/\/gazetaregionalna.com\/index.php?rest_route=%2Fwp%2Fv2%2Fcategories&post=25868"},{"taxonomy":"post_tag","embeddable":true,"href":"https:\/\/gazetaregionalna.com\/index.php?rest_route=%2Fwp%2Fv2%2Ftags&post=25868"}],"curies":[{"name":"wp","href":"https:\/\/api.w.org\/{rel}","templated":true}]}}