{"id":25853,"date":"2020-11-10T09:27:44","date_gmt":"2020-11-10T09:27:44","guid":{"rendered":"https:\/\/gazetaregionalna.com\/?p=25853"},"modified":"2020-11-10T09:27:46","modified_gmt":"2020-11-10T09:27:46","slug":"blachownia-zacheca-do-wspolnego-uczczenia-narodowego-swieta-niepodleglosci","status":"publish","type":"post","link":"https:\/\/gazetaregionalna.com\/?p=25853","title":{"rendered":"Blachownia zach\u0119ca do wsp\u00f3lnego uczczenia Narodowego \u015awi\u0119ta Niepodleg\u0142o\u015bci"},"content":{"rendered":"\n<h2 class=\"wp-block-heading\">Gmina Blachownia zach\u0119ca mieszka\u0144c\u00f3w do wsp\u00f3lnego uczczenia <strong>Narodowego \u015awi\u0119ta Niepodleg\u0142o\u015bci 11 listopada<\/strong>. <\/h2>\n\n\n\n<p>11 listopada to\ncoroczne \u015bwi\u0119to upami\u0119tniaj\u0105ce odzyskanie przez Polsk\u0119 niepodleg\u0142o\u015bci w 1918\nroku po 123 latach zabor\u00f3w. Z tej okazji dzie\u0144 ten zosta\u0142 ustanowiony dniem\nwolnym od pracy. <\/p>\n\n\n\n<p>Z okazji \u015awi\u0119ta\nNiepodleg\u0142o\u015bci Blachownia zach\u0119ca\nmieszka\u0144c\u00f3w gminy do wsp\u00f3lnego \u015bwi\u0119towania. W tym roku z powodu pandemii obchody\nodb\u0119d\u0105 si\u0119 w nieco innej formule, bo przez Internet, dlatego Burmistrz Sylwia\nSzyma\u0144ska nawo\u0142uje, by w 102 rocznic\u0119 odzyskania przez Polsk\u0119 niepodleg\u0142o\u015bci wywiesi\u0107 flagi narodowe.<\/p>\n\n\n\n<p>&#8211;&nbsp;\u201e<em>Bardzo mi przykro, \u017ce nie mo\u017cemy, jak co roku,\nby\u0107 razem w dniu tak szczeg\u00f3lnym dla wszystkich Polak\u00f3w<\/em><em>\u201d<\/em>&nbsp;\u2013\nm\u00f3wi Sylwia Szyma\u0144ska, Burmistrz Blachowni. <\/p>\n\n\n\n<p>\u2013&nbsp;\u201e<em>Dlatego apeluj\u0119 do Mieszka\u0144c\u00f3w naszej gminy:\nzamanifestujmy wsp\u00f3lnie nasze przywi\u0105zanie do Ojczyzny. J\u00f3zef Pi\u0142sudski\npowiedzia\u0142, \u017ce \u201enar\u00f3d, kt\u00f3ry nie szanuje swej przesz\u0142o\u015bci, nie zas\u0142uguje na\nszacunek tera\u017aniejszo\u015bci i&nbsp;nie ma prawa do przysz\u0142o\u015bci\u201d.<\/em>&nbsp;<em>Prosz\u0119 Was: wywie\u015bmy 11 listopada flag\u0119\nnarodow\u0105, kt\u00f3ra jest symbolem naszej to\u017csamo\u015b<\/em><em>ci. Przeka\u017cmy\nm\u0142odemu pokoleniu<\/em><em> jak wa\u017cne to dla nas \u015awi\u0119to.\nTych, kt\u00f3rzy nie maj\u0105 flagi, zapraszam po ni\u0105 do Urz\u0119du Miejskiego<\/em><em>\u201d <\/em><em>\u2013 dodaje.<\/em><\/p>\n\n\n\n<p>Flagi b\u0119d\u0105\ndost\u0119pne dla Mieszka\u0144c\u00f3w w przedsionku Urz\u0119du Miejskiego we wtorek 10 listopada\nbr. w godzinach pracy magistratu, czyli od 7:00 do 15:00.<\/p>\n\n\n\n<p>Jutrzejsze \u015bwi\u0119towanie rozpocznie si\u0119 od Mszy \u015awi\u0119tej za Ojczyzn\u0119 w ko\u015bciele pw. Naj\u015bwi\u0119tszej Maryi Panny Kr\u00f3lowej Polski i \u015bw. Micha\u0142a Archanio\u0142a w Blachowni. Relacja z mszy dost\u0119pna na kanale<a href=\"http:\/\/parafia-blachownia.pl\" class=\"rank-math-link\" target=\"_blank\" rel=\"noopener\"> internetowym<\/a>.<\/p>\n\n\n\n<figure class=\"wp-block-image size-large\"><img decoding=\"async\" width=\"724\" height=\"1024\" data-src=\"https:\/\/gazetaregionalna.com\/wp-content\/uploads\/2020\/11\/uroczysto\u015bci-ko\u015bcielne-724x1024.jpg\" alt=\"\" class=\"wp-image-25855 lazyload\" data-srcset=\"https:\/\/gazetaregionalna.com\/wp-content\/uploads\/2020\/11\/uroczysto\u015bci-ko\u015bcielne-724x1024.jpg 724w, https:\/\/gazetaregionalna.com\/wp-content\/uploads\/2020\/11\/uroczysto\u015bci-ko\u015bcielne-212x300.jpg 212w, https:\/\/gazetaregionalna.com\/wp-content\/uploads\/2020\/11\/uroczysto\u015bci-ko\u015bcielne-768x1086.jpg 768w, https:\/\/gazetaregionalna.com\/wp-content\/uploads\/2020\/11\/uroczysto\u015bci-ko\u015bcielne-1086x1536.jpg 1086w, https:\/\/gazetaregionalna.com\/wp-content\/uploads\/2020\/11\/uroczysto\u015bci-ko\u015bcielne-696x984.jpg 696w, https:\/\/gazetaregionalna.com\/wp-content\/uploads\/2020\/11\/uroczysto\u015bci-ko\u015bcielne-1068x1510.jpg 1068w, https:\/\/gazetaregionalna.com\/wp-content\/uploads\/2020\/11\/uroczysto\u015bci-ko\u015bcielne-297x420.jpg 297w, https:\/\/gazetaregionalna.com\/wp-content\/uploads\/2020\/11\/uroczysto\u015bci-ko\u015bcielne.jpg 1132w\" data-sizes=\"(max-width: 724px) 100vw, 724px\" src=\"data:image\/svg+xml;base64,PHN2ZyB3aWR0aD0iMSIgaGVpZ2h0PSIxIiB4bWxucz0iaHR0cDovL3d3dy53My5vcmcvMjAwMC9zdmciPjwvc3ZnPg==\" style=\"--smush-placeholder-width: 724px; --smush-placeholder-aspect-ratio: 724\/1024;\" \/><figcaption>Fot: Gmina Blachownia<\/figcaption><\/figure>\n\n\n\n<p>Nast\u0119pnie po mszy delegacja z\u0142o\u017cy kwiaty pod pomnikami. Na koniec dnia Burmistrz Sylwia Szyma\u0144ska wraz z MDK w Blachowni zapraszaj\u0105 na pi\u0119kny spektakl poetycko-muzyczny pt. \u201eNiepodleg\u0142a\u201d. Widowisko b\u0119dzie mo\u017cna obejrze\u0144 na kanale <a href=\"https:\/\/www.youtube.com\/results?search_query=mdk+blachownia\" class=\"rank-math-link\" target=\"_blank\" rel=\"noopener\">YouTube<\/a> o <strong>godzinie 16:00<\/strong>.<\/p>\n\n\n\n<figure class=\"wp-block-image size-large\"><img decoding=\"async\" width=\"724\" height=\"1024\" data-src=\"https:\/\/gazetaregionalna.com\/wp-content\/uploads\/2020\/11\/spektakl-724x1024.jpg\" alt=\"\" class=\"wp-image-25857 lazyload\" data-srcset=\"https:\/\/gazetaregionalna.com\/wp-content\/uploads\/2020\/11\/spektakl-724x1024.jpg 724w, https:\/\/gazetaregionalna.com\/wp-content\/uploads\/2020\/11\/spektakl-212x300.jpg 212w, https:\/\/gazetaregionalna.com\/wp-content\/uploads\/2020\/11\/spektakl-768x1086.jpg 768w, https:\/\/gazetaregionalna.com\/wp-content\/uploads\/2020\/11\/spektakl-1086x1536.jpg 1086w, https:\/\/gazetaregionalna.com\/wp-content\/uploads\/2020\/11\/spektakl-696x984.jpg 696w, https:\/\/gazetaregionalna.com\/wp-content\/uploads\/2020\/11\/spektakl-1068x1510.jpg 1068w, https:\/\/gazetaregionalna.com\/wp-content\/uploads\/2020\/11\/spektakl-297x420.jpg 297w, https:\/\/gazetaregionalna.com\/wp-content\/uploads\/2020\/11\/spektakl.jpg 1132w\" data-sizes=\"(max-width: 724px) 100vw, 724px\" src=\"data:image\/svg+xml;base64,PHN2ZyB3aWR0aD0iMSIgaGVpZ2h0PSIxIiB4bWxucz0iaHR0cDovL3d3dy53My5vcmcvMjAwMC9zdmciPjwvc3ZnPg==\" style=\"--smush-placeholder-width: 724px; --smush-placeholder-aspect-ratio: 724\/1024;\" \/><figcaption>Fot: MDK Blachownia<\/figcaption><\/figure>\n\n\n\n<p>Dodatkowo\ntego dnia odb\u0119dzie si\u0119 Og\u00f3lnopolskie\nDyktando. Szko\u0142a Podstawowa nr 3\nw Blachowni zach\u0119ca do wzi\u0119cia udzia\u0142u w tym dyktandzie, poniewa\u017c napisanie go\numo\u017cliwi oddanie g\u0142osu na cel charytatywny. <\/p>\n\n\n\n<p>Blachownia\u0144ska plac\u00f3wka cel charytatywny zg\u0142osi\u0142a pn. <strong>\u201e<em>Pom\u00f3\u017cmy pracownikom i pensjonariuszom Dom<\/em>u Pomocy Spo\u0142ecznej w Blachowni\u201d. <\/strong>Dotyczy on zakupu\u00a0\u015brodk\u00f3w ochrony indywidualnej dla pracownik\u00f3w pomagaj\u0105cych pensjonariuszom chorym na Covid-19.\u00a0<\/p>\n\n\n\n<p>Aby wzi\u0105\u0107 udzia\u0142\nw dyktandzie i wesprze\u0107 ten szczytny cel wystarczy:<\/p>\n\n\n\n<ul class=\"wp-block-list\"><li>Zarejestrowa\u0107 si\u0119 na stronie <a href=\"https:\/\/dyktanda.pl\/dyktando-na-swieto-niepodleglosci\" class=\"rank-math-link\" target=\"_blank\" rel=\"noopener\">dyktanda<\/a>; \u00a0\u00a0<\/li><li>\u00a0Klikn\u0105\u0107 \u201ezapisz si\u0119 do konkursu\u201d;<\/li><li>11 listopada o wyznaczonej godzinie napisa\u0107 na stronie\u00a0<a href=\"http:\/\/www.dyktanda.pl\/\" class=\"rank-math-link\" target=\"_blank\" rel=\"noopener\">internetowej<\/a>\u00a0dyktando dla swojej grupy wiekowej;<\/li><li>Po napisanym dyktandzie zag\u0142osowa\u0107 na cel:\u00a0Pomoc pracownikom i pensjonariuszom Domu Pomocy Spo\u0142ecznej w Blachowni \u2013 zakup \u015brodk\u00f3w ochrony indywidualnej dla pracownik\u00f3w pomagaj\u0105cych pensjonariuszom chorym na Covid-19.<\/li><\/ul>\n\n\n\n<p>Blachownia zach\u0119ca do wzi\u0119cia udzia\u0142u w szczytnej akcji.<\/p>\n\n\n\n<figure class=\"wp-block-image size-large\"><img decoding=\"async\" width=\"716\" height=\"600\" data-src=\"https:\/\/gazetaregionalna.com\/wp-content\/uploads\/2020\/11\/pomoc-dps.png\" alt=\"\" class=\"wp-image-25856 lazyload\" data-srcset=\"https:\/\/gazetaregionalna.com\/wp-content\/uploads\/2020\/11\/pomoc-dps.png 716w, https:\/\/gazetaregionalna.com\/wp-content\/uploads\/2020\/11\/pomoc-dps-300x251.png 300w, https:\/\/gazetaregionalna.com\/wp-content\/uploads\/2020\/11\/pomoc-dps-696x583.png 696w, https:\/\/gazetaregionalna.com\/wp-content\/uploads\/2020\/11\/pomoc-dps-501x420.png 501w\" data-sizes=\"(max-width: 716px) 100vw, 716px\" src=\"data:image\/svg+xml;base64,PHN2ZyB3aWR0aD0iMSIgaGVpZ2h0PSIxIiB4bWxucz0iaHR0cDovL3d3dy53My5vcmcvMjAwMC9zdmciPjwvc3ZnPg==\" style=\"--smush-placeholder-width: 716px; --smush-placeholder-aspect-ratio: 716\/600;\" \/><figcaption>Fot: Gmina Blachownia<\/figcaption><\/figure>\n","protected":false},"excerpt":{"rendered":"<p>Gmina Blachownia zach\u0119ca mieszka\u0144c\u00f3w do wsp\u00f3lnego uczczenia Narodowego \u015awi\u0119ta Niepodleg\u0142o\u015bci 11 listopada. 11 listopada to coroczne \u015bwi\u0119to upami\u0119tniaj\u0105ce odzyskanie przez Polsk\u0119 niepodleg\u0142o\u015bci w 1918<\/p>\n","protected":false},"author":12,"featured_media":25859,"comment_status":"open","ping_status":"open","sticky":false,"template":"","format":"standard","meta":{"_monsterinsights_skip_tracking":false,"_monsterinsights_sitenote_active":false,"_monsterinsights_sitenote_note":"","_monsterinsights_sitenote_category":0,"_uf_show_specific_survey":0,"_uf_disable_surveys":false,"footnotes":""},"categories":[321,94,4,2,13],"tags":[],"class_list":["post-25853","post","type-post","status-publish","format-standard","has-post-thumbnail","hentry","category-historia","category-polecane","category-region","category-wiadomosci","category-wydarzenia"],"_links":{"self":[{"href":"https:\/\/gazetaregionalna.com\/index.php?rest_route=\/wp\/v2\/posts\/25853","targetHints":{"allow":["GET"]}}],"collection":[{"href":"https:\/\/gazetaregionalna.com\/index.php?rest_route=\/wp\/v2\/posts"}],"about":[{"href":"https:\/\/gazetaregionalna.com\/index.php?rest_route=\/wp\/v2\/types\/post"}],"author":[{"embeddable":true,"href":"https:\/\/gazetaregionalna.com\/index.php?rest_route=\/wp\/v2\/users\/12"}],"replies":[{"embeddable":true,"href":"https:\/\/gazetaregionalna.com\/index.php?rest_route=%2Fwp%2Fv2%2Fcomments&post=25853"}],"version-history":[{"count":3,"href":"https:\/\/gazetaregionalna.com\/index.php?rest_route=\/wp\/v2\/posts\/25853\/revisions"}],"predecessor-version":[{"id":25864,"href":"https:\/\/gazetaregionalna.com\/index.php?rest_route=\/wp\/v2\/posts\/25853\/revisions\/25864"}],"wp:featuredmedia":[{"embeddable":true,"href":"https:\/\/gazetaregionalna.com\/index.php?rest_route=\/wp\/v2\/media\/25859"}],"wp:attachment":[{"href":"https:\/\/gazetaregionalna.com\/index.php?rest_route=%2Fwp%2Fv2%2Fmedia&parent=25853"}],"wp:term":[{"taxonomy":"category","embeddable":true,"href":"https:\/\/gazetaregionalna.com\/index.php?rest_route=%2Fwp%2Fv2%2Fcategories&post=25853"},{"taxonomy":"post_tag","embeddable":true,"href":"https:\/\/gazetaregionalna.com\/index.php?rest_route=%2Fwp%2Fv2%2Ftags&post=25853"}],"curies":[{"name":"wp","href":"https:\/\/api.w.org\/{rel}","templated":true}]}}