{"id":25815,"date":"2020-11-09T15:58:03","date_gmt":"2020-11-09T15:58:03","guid":{"rendered":"https:\/\/gazetaregionalna.com\/?p=25815"},"modified":"2020-11-09T15:58:05","modified_gmt":"2020-11-09T15:58:05","slug":"gotowa-szczepionka-na-koronawirusa-koniec-z-epidemia","status":"publish","type":"post","link":"https:\/\/gazetaregionalna.com\/?p=25815","title":{"rendered":"Gotowa szczepionka na koronawirusa? Koniec z epidemi\u0105?"},"content":{"rendered":"\n<h2 class=\"wp-block-heading\">Gotowa szczepionka na koronawirusa? Koniec z epidemi\u0105?<\/h2>\n\n\n\n<p><br> Tak przynajmniej wynika z informacji przekazanych dzisiaj przez najwi\u0119kszy na \u015bwiecie, ameryka\u0144ski koncern farmaceutyczny Pfizer. Nareszcie to pierwsza optymistyczna wiadomo\u015b\u0107 dotycz\u0105ca epidemii.<\/p>\n\n\n\n<p><br> Jak poda\u0142 portal WP, firma Pfizer poinformowa\u0142a, \u017ce opracowana przez ni\u0105 szczepionka na COVID-19 zapobiega 90 proc. przypadk\u00f3w zaka\u017ce\u0144. <\/p>\n\n\n\n<p>Wed\u0142ug danych opublikowanych przez koncern farmaceutyczny, jego szczepionka zapewnia ochron\u0119 siedem dni po drugiej dawce i 28 dni po pierwszej dawce. <\/p>\n\n\n\n<p>Jak zak\u0142ada Pfizer, do ko\u0144ca tego roku b\u0119dzie w stanie dostarczy\u0107 oko\u0142o 50 mln dawek, a do ko\u0144ca 2021 roku  produkcja mo\u017ce osi\u0105gn\u0105\u0107 1,3 mld sztuk.<\/p>\n","protected":false},"excerpt":{"rendered":"<p>Gotowa szczepionka na koronawirusa? Koniec z epidemi\u0105? Tak przynajmniej wynika z informacji przekazanych dzisiaj przez najwi\u0119kszy na \u015bwiecie, ameryka\u0144ski koncern farmaceutyczny Pfizer. Nareszcie to<\/p>\n","protected":false},"author":7,"featured_media":25817,"comment_status":"open","ping_status":"open","sticky":false,"template":"","format":"standard","meta":{"_monsterinsights_skip_tracking":false,"_monsterinsights_sitenote_active":false,"_monsterinsights_sitenote_note":"","_monsterinsights_sitenote_category":0,"_uf_show_specific_survey":0,"_uf_disable_surveys":false,"footnotes":""},"categories":[94,2],"tags":[],"class_list":["post-25815","post","type-post","status-publish","format-standard","has-post-thumbnail","hentry","category-polecane","category-wiadomosci"],"_links":{"self":[{"href":"https:\/\/gazetaregionalna.com\/index.php?rest_route=\/wp\/v2\/posts\/25815","targetHints":{"allow":["GET"]}}],"collection":[{"href":"https:\/\/gazetaregionalna.com\/index.php?rest_route=\/wp\/v2\/posts"}],"about":[{"href":"https:\/\/gazetaregionalna.com\/index.php?rest_route=\/wp\/v2\/types\/post"}],"author":[{"embeddable":true,"href":"https:\/\/gazetaregionalna.com\/index.php?rest_route=\/wp\/v2\/users\/7"}],"replies":[{"embeddable":true,"href":"https:\/\/gazetaregionalna.com\/index.php?rest_route=%2Fwp%2Fv2%2Fcomments&post=25815"}],"version-history":[{"count":1,"href":"https:\/\/gazetaregionalna.com\/index.php?rest_route=\/wp\/v2\/posts\/25815\/revisions"}],"predecessor-version":[{"id":25816,"href":"https:\/\/gazetaregionalna.com\/index.php?rest_route=\/wp\/v2\/posts\/25815\/revisions\/25816"}],"wp:featuredmedia":[{"embeddable":true,"href":"https:\/\/gazetaregionalna.com\/index.php?rest_route=\/wp\/v2\/media\/25817"}],"wp:attachment":[{"href":"https:\/\/gazetaregionalna.com\/index.php?rest_route=%2Fwp%2Fv2%2Fmedia&parent=25815"}],"wp:term":[{"taxonomy":"category","embeddable":true,"href":"https:\/\/gazetaregionalna.com\/index.php?rest_route=%2Fwp%2Fv2%2Fcategories&post=25815"},{"taxonomy":"post_tag","embeddable":true,"href":"https:\/\/gazetaregionalna.com\/index.php?rest_route=%2Fwp%2Fv2%2Ftags&post=25815"}],"curies":[{"name":"wp","href":"https:\/\/api.w.org\/{rel}","templated":true}]}}