{"id":25793,"date":"2020-11-09T14:56:34","date_gmt":"2020-11-09T14:56:34","guid":{"rendered":"https:\/\/gazetaregionalna.com\/?p=25793"},"modified":"2020-11-09T15:04:06","modified_gmt":"2020-11-09T15:04:06","slug":"30-lecie","status":"publish","type":"post","link":"https:\/\/gazetaregionalna.com\/?p=25793","title":{"rendered":"30-lecie Gminnego O\u015brodka Kultury w Krzepicach"},"content":{"rendered":"\n<h2 class=\"wp-block-heading\">Gminny O\u015brodek\nKultury w Krzepicach obchodzi sw\u00f3j Jubileusz 30-lecia istnienia. Z tej okazji\notrzyma\u0142 pi\u0119kny prezent.<\/h2>\n\n\n\n<p>Dok\u0142adnie <strong>9 listopada 1990 roku<\/strong> odby\u0142o si\u0119 uroczyste przekazanie budynku gminnej instytucji kultury, wtedy jeszcze Kina \u201eWarta\u201d. Dzisiaj, 30 lat p\u00f3\u017aniej s\u0105 to ju\u017c dwa budynki, kt\u00f3re oferuj\u0105 mieszka\u0144com Krzepic moc atrakcji. <\/p>\n\n\n\n<figure class=\"wp-block-image size-large\"><img decoding=\"async\" width=\"732\" height=\"1024\" data-src=\"https:\/\/gazetaregionalna.com\/wp-content\/uploads\/2020\/11\/jubileusz-30-lecia-gok-krzepice-1-732x1024.jpg\" alt=\"\" class=\"wp-image-25795 lazyload\" data-srcset=\"https:\/\/gazetaregionalna.com\/wp-content\/uploads\/2020\/11\/jubileusz-30-lecia-gok-krzepice-1-732x1024.jpg 732w, https:\/\/gazetaregionalna.com\/wp-content\/uploads\/2020\/11\/jubileusz-30-lecia-gok-krzepice-1-215x300.jpg 215w, https:\/\/gazetaregionalna.com\/wp-content\/uploads\/2020\/11\/jubileusz-30-lecia-gok-krzepice-1-768x1074.jpg 768w, https:\/\/gazetaregionalna.com\/wp-content\/uploads\/2020\/11\/jubileusz-30-lecia-gok-krzepice-1-1098x1536.jpg 1098w, https:\/\/gazetaregionalna.com\/wp-content\/uploads\/2020\/11\/jubileusz-30-lecia-gok-krzepice-1-696x973.jpg 696w, https:\/\/gazetaregionalna.com\/wp-content\/uploads\/2020\/11\/jubileusz-30-lecia-gok-krzepice-1-1068x1493.jpg 1068w, https:\/\/gazetaregionalna.com\/wp-content\/uploads\/2020\/11\/jubileusz-30-lecia-gok-krzepice-1-300x420.jpg 300w, https:\/\/gazetaregionalna.com\/wp-content\/uploads\/2020\/11\/jubileusz-30-lecia-gok-krzepice-1.jpg 1144w\" data-sizes=\"(max-width: 732px) 100vw, 732px\" src=\"data:image\/svg+xml;base64,PHN2ZyB3aWR0aD0iMSIgaGVpZ2h0PSIxIiB4bWxucz0iaHR0cDovL3d3dy53My5vcmcvMjAwMC9zdmciPjwvc3ZnPg==\" style=\"--smush-placeholder-width: 732px; --smush-placeholder-aspect-ratio: 732\/1024;\" \/><figcaption>Fot: GOK w Krzepicach<\/figcaption><\/figure>\n\n\n\n<p>Zas\u0142u\u017con\u0105 osob\u0105, kt\u00f3ra w szczeg\u00f3lno\u015bci przyczyni\u0142a si\u0119 do powstania tego obiektu kultury jest <strong>\u015a.P. Kazimierz Zembala<\/strong>. To dzi\u0119ki jego uporowi, determinacji i spo\u0142ecznej pasji przy ogromnym wsparciu rodziny, znajomych, jak i samych mieszka\u0144c\u00f3w Krzepic powsta\u0142o miejsce, kt\u00f3rym ka\u017cdy odnajdzie swoj\u0105 pasj\u0119 lub rozwinie ju\u017c istniej\u0105c\u0105. <\/p>\n\n\n\n<p>Z okazji Jubileuszu 30-lecia, <strong>prof. Marian Zembala<\/strong> \u2013 urodzony w Krzepicach, lekarz, kardiochirurg, profesor nauk medycznych, przyjaciel i sympatyk krzepickiej kultury, syn \u015b.p. Kazimierza Zembali, ufundowa\u0142 stylowe pianino. <\/p>\n\n\n\n<figure class=\"wp-block-image size-large\"><img decoding=\"async\" width=\"1024\" height=\"768\" data-src=\"https:\/\/gazetaregionalna.com\/wp-content\/uploads\/2020\/11\/jubileusz-30-lecia-gok-krzepice-13-1024x768.jpg\" alt=\"\" class=\"wp-image-25794 lazyload\" data-srcset=\"https:\/\/gazetaregionalna.com\/wp-content\/uploads\/2020\/11\/jubileusz-30-lecia-gok-krzepice-13-1024x768.jpg 1024w, https:\/\/gazetaregionalna.com\/wp-content\/uploads\/2020\/11\/jubileusz-30-lecia-gok-krzepice-13-300x225.jpg 300w, https:\/\/gazetaregionalna.com\/wp-content\/uploads\/2020\/11\/jubileusz-30-lecia-gok-krzepice-13-768x576.jpg 768w, https:\/\/gazetaregionalna.com\/wp-content\/uploads\/2020\/11\/jubileusz-30-lecia-gok-krzepice-13-1536x1152.jpg 1536w, https:\/\/gazetaregionalna.com\/wp-content\/uploads\/2020\/11\/jubileusz-30-lecia-gok-krzepice-13-80x60.jpg 80w, https:\/\/gazetaregionalna.com\/wp-content\/uploads\/2020\/11\/jubileusz-30-lecia-gok-krzepice-13-265x198.jpg 265w, https:\/\/gazetaregionalna.com\/wp-content\/uploads\/2020\/11\/jubileusz-30-lecia-gok-krzepice-13-696x522.jpg 696w, https:\/\/gazetaregionalna.com\/wp-content\/uploads\/2020\/11\/jubileusz-30-lecia-gok-krzepice-13-1068x801.jpg 1068w, https:\/\/gazetaregionalna.com\/wp-content\/uploads\/2020\/11\/jubileusz-30-lecia-gok-krzepice-13-560x420.jpg 560w, https:\/\/gazetaregionalna.com\/wp-content\/uploads\/2020\/11\/jubileusz-30-lecia-gok-krzepice-13.jpg 1200w\" data-sizes=\"(max-width: 1024px) 100vw, 1024px\" src=\"data:image\/svg+xml;base64,PHN2ZyB3aWR0aD0iMSIgaGVpZ2h0PSIxIiB4bWxucz0iaHR0cDovL3d3dy53My5vcmcvMjAwMC9zdmciPjwvc3ZnPg==\" style=\"--smush-placeholder-width: 1024px; --smush-placeholder-aspect-ratio: 1024\/768;\" \/><figcaption>Fot: GOK w Krzepicach<\/figcaption><\/figure>\n\n\n\n<p>Ten wspania\u0142y prezent trafi\u0142 do Gminnego O\u015brodka Kultury\nw Krzepicach na ul. Cz\u0119stochowskiej 27. <\/p>\n\n\n\n<p>&#8211; \u201ePanie\nProfesorze! Serdecznie dzi\u0119kujemy! Jeste\u015bmy wzruszeni! Jako kontynuatorzy\nkulturalnej misji zapocz\u0105tkowanej przez Pana Ojca, \u015a.P. Kazimierza Zembal\u0119\nobiecujemy, \u017ce b\u0119dziemy robi\u0107 wszystko, co w naszej mocy, aby amatorski ruch\nartystyczny na terenie gminy Krzepice rozwija\u0142 si\u0119 jak najlepiej!\u201d \u2013 dzi\u0119kowali\nprzedstawiciele GOK w Krzepicach.<\/p>\n\n\n\n<p>Dodatkowe podzi\u0119kowania skierowane zosta\u0142y tak\u017ce do <strong>Marcina Wyrostka<\/strong> oraz <strong>Janusza D\u0142ugosza <\/strong>za pomoc i wsp\u00f3\u0142prac\u0119. <\/p>\n\n\n\n<p>Niestety z powodu panuj\u0105cej pandemii nie odb\u0119dzie si\u0119 uroczyste \u015bwi\u0119towanie. Wszystkie plany i wizja przebiegu uroczysto\u015bci musia\u0142y ulec zmianie i dlatego Jubileusz 30-lecia odb\u0119dzie si\u0119 w <a href=\"https:\/\/www.facebook.com\/Gminny-O\u015brodek-Kultury-w-Krzepicach-310483322338812\" class=\"rank-math-link\" target=\"_blank\" rel=\"noopener\">sieci<\/a>.<\/p>\n\n\n\n<p>Z tej okazji pracownicy GOK zapraszaj\u0105 na filmowy spacer po \u015bcie\u017ckach gminnej kultury. W filmie jest opowiedziana historia Domu Kultury oraz&nbsp; dzia\u0142alno\u015b\u0107 merytoryczna.<\/p>\n\n\n\n<figure class=\"wp-block-embed-youtube wp-block-embed is-type-video is-provider-youtube wp-embed-aspect-16-9 wp-has-aspect-ratio\"><div class=\"wp-block-embed__wrapper\">\n<div class=\"fitvids-video\"><iframe title=\"SPACER PO \u015aCIE\u017bKACH KULTURY czyli GMINNY O\u015aRODEK KULTURY W KRZEPICACH W FILMOWYM OBIEKTYWIE\" width=\"715\" height=\"402\" data-src=\"https:\/\/www.youtube.com\/embed\/_28eKKwytQM?feature=oembed\" frameborder=\"0\" allow=\"accelerometer; autoplay; clipboard-write; encrypted-media; gyroscope; picture-in-picture; web-share\" allowfullscreen src=\"data:image\/svg+xml;base64,PHN2ZyB3aWR0aD0iMSIgaGVpZ2h0PSIxIiB4bWxucz0iaHR0cDovL3d3dy53My5vcmcvMjAwMC9zdmciPjwvc3ZnPg==\" class=\"lazyload\" data-load-mode=\"1\"><\/iframe><\/div>\n<\/div><figcaption>Film: GOK w Krzepicach<\/figcaption><\/figure>\n\n\n\n<p>[post_gallery]<\/p>\n\n\n\n<p>Fot: GOK w Krzepicach<\/p>\n","protected":false},"excerpt":{"rendered":"<p>Gminny O\u015brodek Kultury w Krzepicach obchodzi sw\u00f3j Jubileusz 30-lecia istnienia. Z tej okazji otrzyma\u0142 pi\u0119kny prezent. Dok\u0142adnie 9 listopada 1990 roku odby\u0142o si\u0119 uroczyste<\/p>\n","protected":false},"author":12,"featured_media":25798,"comment_status":"open","ping_status":"open","sticky":false,"template":"","format":"standard","meta":{"_monsterinsights_skip_tracking":false,"_monsterinsights_sitenote_active":false,"_monsterinsights_sitenote_note":"","_monsterinsights_sitenote_category":0,"_uf_show_specific_survey":0,"_uf_disable_surveys":false,"footnotes":""},"categories":[321,12,27,94,2,13],"tags":[],"class_list":["post-25793","post","type-post","status-publish","format-standard","has-post-thumbnail","hentry","category-historia","category-kultura-i-rozrywka","category-klobuck-informacje","category-polecane","category-wiadomosci","category-wydarzenia"],"_links":{"self":[{"href":"https:\/\/gazetaregionalna.com\/index.php?rest_route=\/wp\/v2\/posts\/25793","targetHints":{"allow":["GET"]}}],"collection":[{"href":"https:\/\/gazetaregionalna.com\/index.php?rest_route=\/wp\/v2\/posts"}],"about":[{"href":"https:\/\/gazetaregionalna.com\/index.php?rest_route=\/wp\/v2\/types\/post"}],"author":[{"embeddable":true,"href":"https:\/\/gazetaregionalna.com\/index.php?rest_route=\/wp\/v2\/users\/12"}],"replies":[{"embeddable":true,"href":"https:\/\/gazetaregionalna.com\/index.php?rest_route=%2Fwp%2Fv2%2Fcomments&post=25793"}],"version-history":[{"count":8,"href":"https:\/\/gazetaregionalna.com\/index.php?rest_route=\/wp\/v2\/posts\/25793\/revisions"}],"predecessor-version":[{"id":25814,"href":"https:\/\/gazetaregionalna.com\/index.php?rest_route=\/wp\/v2\/posts\/25793\/revisions\/25814"}],"wp:featuredmedia":[{"embeddable":true,"href":"https:\/\/gazetaregionalna.com\/index.php?rest_route=\/wp\/v2\/media\/25798"}],"wp:attachment":[{"href":"https:\/\/gazetaregionalna.com\/index.php?rest_route=%2Fwp%2Fv2%2Fmedia&parent=25793"}],"wp:term":[{"taxonomy":"category","embeddable":true,"href":"https:\/\/gazetaregionalna.com\/index.php?rest_route=%2Fwp%2Fv2%2Fcategories&post=25793"},{"taxonomy":"post_tag","embeddable":true,"href":"https:\/\/gazetaregionalna.com\/index.php?rest_route=%2Fwp%2Fv2%2Ftags&post=25793"}],"curies":[{"name":"wp","href":"https:\/\/api.w.org\/{rel}","templated":true}]}}