{"id":25788,"date":"2020-11-09T12:42:11","date_gmt":"2020-11-09T12:42:11","guid":{"rendered":"https:\/\/gazetaregionalna.com\/?p=25788"},"modified":"2020-11-09T12:42:13","modified_gmt":"2020-11-09T12:42:13","slug":"challenge","status":"publish","type":"post","link":"https:\/\/gazetaregionalna.com\/?p=25788","title":{"rendered":"#CHALLENGE cz\u0119stochowskich policjant\u00f3w"},"content":{"rendered":"\n<h2 class=\"wp-block-heading\">Cz\u0119stochowscy policjanci przy\u0142\u0105czyli si\u0119 do <strong>Challenge&#8217;u dla<\/strong> <strong>Oliwii Hyli<\/strong> z Boguchwa\u0142owic (Wojew\u00f3dztwo \u015al\u0105skie).<\/h2>\n\n\n\n<p>Oliwka Hyla to kolejna ma\u0142a istotka potrzebuj\u0105ca pomocy innych ludzi. Pi\u0119ciomiesi\u0119czna dziewczynka cierpi na SMA, czyli rdzeniowy zanik mi\u0119\u015bni. Jedynym ratunkiem jest kosztowny lek za 10 milion\u00f3w z\u0142otych. Wi\u0119cej informacji o chorobie Oliwki oraz zbi\u00f3rka pieni\u0119\u017cna dost\u0119pna na stronie <a href=\"https:\/\/www.siepomaga.pl\/oliwka\" class=\"rank-math-link\" target=\"_blank\" rel=\"noopener\">Siepomaga.pl<\/a>.<\/p>\n\n\n\n<p>Dodatkowo poza\nzbi\u00f3rk\u0105 pojawi\u0142 si\u0119 #challenge dla Oliwki. To niezwyk\u0142e wyzwanie podj\u0119li funkcjonariusze\nRuchu Drogowego z Cz\u0119stochowy, kt\u00f3rzy wykonali 10 pompek oraz wp\u0142acili\npieni\u0105dze na zbi\u00f3rk\u0119. <\/p>\n\n\n\n<p>Funkcjonariusze\nwykonali zadanie, maj\u0105c szczytny cel &#8211; pomoc chorej Oliwce. Ty te\u017c mo\u017cesz\npom\u00f3c.<\/p>\n\n\n\n<p>Do dalszego\nwyzwania cz\u0119stochowska drog\u00f3wka nominowa\u0142a:<\/p>\n\n\n\n<ul class=\"wp-block-list\"><li>Komend\u0119 Pa\u0144stwowej Stra\u017cy Po\u017carnej w Cz\u0119stochowie;<\/li><li>S\u0142u\u017cb\u0119 Wi\u0119zienn\u0105 w Cz\u0119stochowie.<\/li><\/ul>\n\n\n\n<figure class=\"wp-block-video\"><video controls src=\"https:\/\/gazetaregionalna.com\/wp-content\/uploads\/2020\/11\/42-636012.mp4\"><\/video><figcaption>Film: KMP Cz\u0119stochowa<\/figcaption><\/figure>\n\n\n\n<p><\/p>\n","protected":false},"excerpt":{"rendered":"<p>Cz\u0119stochowscy policjanci przy\u0142\u0105czyli si\u0119 do Challenge&#8217;u dla Oliwii Hyli z Boguchwa\u0142owic (Wojew\u00f3dztwo \u015al\u0105skie). Oliwka Hyla to kolejna ma\u0142a istotka potrzebuj\u0105ca pomocy innych ludzi. Pi\u0119ciomiesi\u0119czna<\/p>\n","protected":false},"author":12,"featured_media":25791,"comment_status":"open","ping_status":"open","sticky":false,"template":"","format":"standard","meta":{"_monsterinsights_skip_tracking":false,"_monsterinsights_sitenote_active":false,"_monsterinsights_sitenote_note":"","_monsterinsights_sitenote_category":0,"_uf_show_specific_survey":0,"_uf_disable_surveys":false,"footnotes":""},"categories":[94,3],"tags":[],"class_list":["post-25788","post","type-post","status-publish","format-standard","has-post-thumbnail","hentry","category-polecane","category-czestochowa-informacje"],"_links":{"self":[{"href":"https:\/\/gazetaregionalna.com\/index.php?rest_route=\/wp\/v2\/posts\/25788","targetHints":{"allow":["GET"]}}],"collection":[{"href":"https:\/\/gazetaregionalna.com\/index.php?rest_route=\/wp\/v2\/posts"}],"about":[{"href":"https:\/\/gazetaregionalna.com\/index.php?rest_route=\/wp\/v2\/types\/post"}],"author":[{"embeddable":true,"href":"https:\/\/gazetaregionalna.com\/index.php?rest_route=\/wp\/v2\/users\/12"}],"replies":[{"embeddable":true,"href":"https:\/\/gazetaregionalna.com\/index.php?rest_route=%2Fwp%2Fv2%2Fcomments&post=25788"}],"version-history":[{"count":2,"href":"https:\/\/gazetaregionalna.com\/index.php?rest_route=\/wp\/v2\/posts\/25788\/revisions"}],"predecessor-version":[{"id":25792,"href":"https:\/\/gazetaregionalna.com\/index.php?rest_route=\/wp\/v2\/posts\/25788\/revisions\/25792"}],"wp:featuredmedia":[{"embeddable":true,"href":"https:\/\/gazetaregionalna.com\/index.php?rest_route=\/wp\/v2\/media\/25791"}],"wp:attachment":[{"href":"https:\/\/gazetaregionalna.com\/index.php?rest_route=%2Fwp%2Fv2%2Fmedia&parent=25788"}],"wp:term":[{"taxonomy":"category","embeddable":true,"href":"https:\/\/gazetaregionalna.com\/index.php?rest_route=%2Fwp%2Fv2%2Fcategories&post=25788"},{"taxonomy":"post_tag","embeddable":true,"href":"https:\/\/gazetaregionalna.com\/index.php?rest_route=%2Fwp%2Fv2%2Ftags&post=25788"}],"curies":[{"name":"wp","href":"https:\/\/api.w.org\/{rel}","templated":true}]}}