{"id":25780,"date":"2020-11-09T11:34:53","date_gmt":"2020-11-09T11:34:53","guid":{"rendered":"https:\/\/gazetaregionalna.com\/?p=25780"},"modified":"2020-11-09T11:34:56","modified_gmt":"2020-11-09T11:34:56","slug":"salon-poezji-online-poswiecony-poetce-pochodzacej-z-czestochowy","status":"publish","type":"post","link":"https:\/\/gazetaregionalna.com\/?p=25780","title":{"rendered":"Salon poezji online po\u015bwi\u0119cony poetce pochodz\u0105cej z Cz\u0119stochowy"},"content":{"rendered":"\n<h2 class=\"wp-block-heading\">Salon poezji online po\u015bwi\u0119cony poetce pochodz\u0105cej z Cz\u0119stochowy.<\/h2>\n\n\n\n<figure class=\"wp-block-image size-large\"><img decoding=\"async\" width=\"1024\" height=\"555\" data-src=\"https:\/\/gazetaregionalna.com\/wp-content\/uploads\/2020\/11\/Agata-1-1024x555.jpg\" alt=\"\" class=\"wp-image-25783 lazyload\" data-srcset=\"https:\/\/gazetaregionalna.com\/wp-content\/uploads\/2020\/11\/Agata-1-1024x555.jpg 1024w, https:\/\/gazetaregionalna.com\/wp-content\/uploads\/2020\/11\/Agata-1-300x163.jpg 300w, https:\/\/gazetaregionalna.com\/wp-content\/uploads\/2020\/11\/Agata-1-768x416.jpg 768w, https:\/\/gazetaregionalna.com\/wp-content\/uploads\/2020\/11\/Agata-1-1536x832.jpg 1536w, https:\/\/gazetaregionalna.com\/wp-content\/uploads\/2020\/11\/Agata-1-696x377.jpg 696w, https:\/\/gazetaregionalna.com\/wp-content\/uploads\/2020\/11\/Agata-1-1068x579.jpg 1068w, https:\/\/gazetaregionalna.com\/wp-content\/uploads\/2020\/11\/Agata-1-775x420.jpg 775w, https:\/\/gazetaregionalna.com\/wp-content\/uploads\/2020\/11\/Agata-1.jpg 1200w\" data-sizes=\"(max-width: 1024px) 100vw, 1024px\" src=\"data:image\/svg+xml;base64,PHN2ZyB3aWR0aD0iMSIgaGVpZ2h0PSIxIiB4bWxucz0iaHR0cDovL3d3dy53My5vcmcvMjAwMC9zdmciPjwvc3ZnPg==\" style=\"--smush-placeholder-width: 1024px; --smush-placeholder-aspect-ratio: 1024\/555;\" \/><\/figure>\n\n\n\n<p><br> W czwartek, 12 listopada na Facebooku Biblioteki Publicznej w Cz\u0119stochowie Filia 9 i Teatru im. Adama Mickiewicza odb\u0119dzie si\u0119 premiera filmowego  Salonu Poezji pt. &#8222;Mapa dzieci\u0144stwa&#8221;. B\u0119dzie on po\u015bwi\u0119cony wybitnej poetce, pochodz\u0105cej z Cz\u0119stochowy, a mieszkaj\u0105cej na sta\u0142e w Izraelu &#8211; Irit Amiel.<\/p>\n\n\n\n<figure class=\"wp-block-image size-large\"><img decoding=\"async\" width=\"1024\" height=\"555\" data-src=\"https:\/\/gazetaregionalna.com\/wp-content\/uploads\/2020\/11\/Teresa-2-1024x555.jpg\" alt=\"\" class=\"wp-image-25784 lazyload\" data-srcset=\"https:\/\/gazetaregionalna.com\/wp-content\/uploads\/2020\/11\/Teresa-2-1024x555.jpg 1024w, https:\/\/gazetaregionalna.com\/wp-content\/uploads\/2020\/11\/Teresa-2-300x163.jpg 300w, https:\/\/gazetaregionalna.com\/wp-content\/uploads\/2020\/11\/Teresa-2-768x416.jpg 768w, https:\/\/gazetaregionalna.com\/wp-content\/uploads\/2020\/11\/Teresa-2-1536x832.jpg 1536w, https:\/\/gazetaregionalna.com\/wp-content\/uploads\/2020\/11\/Teresa-2-696x377.jpg 696w, https:\/\/gazetaregionalna.com\/wp-content\/uploads\/2020\/11\/Teresa-2-1068x579.jpg 1068w, https:\/\/gazetaregionalna.com\/wp-content\/uploads\/2020\/11\/Teresa-2-775x420.jpg 775w, https:\/\/gazetaregionalna.com\/wp-content\/uploads\/2020\/11\/Teresa-2.jpg 1200w\" data-sizes=\"(max-width: 1024px) 100vw, 1024px\" src=\"data:image\/svg+xml;base64,PHN2ZyB3aWR0aD0iMSIgaGVpZ2h0PSIxIiB4bWxucz0iaHR0cDovL3d3dy53My5vcmcvMjAwMC9zdmciPjwvc3ZnPg==\" style=\"--smush-placeholder-width: 1024px; --smush-placeholder-aspect-ratio: 1024\/555;\" \/><\/figure>\n\n\n\n<p>W Salonie poezji udzia\u0142  bior\u0105: Teresa Dzielska, Agata Ochota (aktorki Teatru im. Adama Mickiewicza w Cz\u0119stochowie) i Aniela \u0141oniewska \u2013 uczennica Pa\u0144stwowej Szko\u0142y Muzycznej II stopnia w Zdu\u0144skiej Woli.<br>\nZdj\u0119cia, d\u017awi\u0119k, o\u015bwietlenie, koloryzacja filmu, monta\u017c &#8211; Jacek \u015aliwczy\u0144ski;<br>\nScenariusz: Ewa Ole\u015b, Ilona Kowalska;<\/p>\n\n\n\n<p>Zdj\u0119cia: Piotr D\u0142ubak;<\/p>\n\n\n\n<p>O\u015bwietlenie sceny \u2013 Przemys\u0142aw Bielawski, nag\u0142o\u015bnienie sceny \u2013 Piotr Czok.<\/p>\n","protected":false},"excerpt":{"rendered":"<p>Salon poezji online po\u015bwi\u0119cony poetce pochodz\u0105cej z Cz\u0119stochowy. W czwartek, 12 listopada na Facebooku Biblioteki Publicznej w Cz\u0119stochowie Filia 9 i Teatru im. Adama<\/p>\n","protected":false},"author":7,"featured_media":25787,"comment_status":"open","ping_status":"open","sticky":false,"template":"","format":"standard","meta":{"_monsterinsights_skip_tracking":false,"_monsterinsights_sitenote_active":false,"_monsterinsights_sitenote_note":"","_monsterinsights_sitenote_category":0,"_uf_show_specific_survey":0,"_uf_disable_surveys":false,"footnotes":""},"categories":[94,3,2],"tags":[],"class_list":["post-25780","post","type-post","status-publish","format-standard","has-post-thumbnail","hentry","category-polecane","category-czestochowa-informacje","category-wiadomosci"],"_links":{"self":[{"href":"https:\/\/gazetaregionalna.com\/index.php?rest_route=\/wp\/v2\/posts\/25780","targetHints":{"allow":["GET"]}}],"collection":[{"href":"https:\/\/gazetaregionalna.com\/index.php?rest_route=\/wp\/v2\/posts"}],"about":[{"href":"https:\/\/gazetaregionalna.com\/index.php?rest_route=\/wp\/v2\/types\/post"}],"author":[{"embeddable":true,"href":"https:\/\/gazetaregionalna.com\/index.php?rest_route=\/wp\/v2\/users\/7"}],"replies":[{"embeddable":true,"href":"https:\/\/gazetaregionalna.com\/index.php?rest_route=%2Fwp%2Fv2%2Fcomments&post=25780"}],"version-history":[{"count":3,"href":"https:\/\/gazetaregionalna.com\/index.php?rest_route=\/wp\/v2\/posts\/25780\/revisions"}],"predecessor-version":[{"id":25785,"href":"https:\/\/gazetaregionalna.com\/index.php?rest_route=\/wp\/v2\/posts\/25780\/revisions\/25785"}],"wp:featuredmedia":[{"embeddable":true,"href":"https:\/\/gazetaregionalna.com\/index.php?rest_route=\/wp\/v2\/media\/25787"}],"wp:attachment":[{"href":"https:\/\/gazetaregionalna.com\/index.php?rest_route=%2Fwp%2Fv2%2Fmedia&parent=25780"}],"wp:term":[{"taxonomy":"category","embeddable":true,"href":"https:\/\/gazetaregionalna.com\/index.php?rest_route=%2Fwp%2Fv2%2Fcategories&post=25780"},{"taxonomy":"post_tag","embeddable":true,"href":"https:\/\/gazetaregionalna.com\/index.php?rest_route=%2Fwp%2Fv2%2Ftags&post=25780"}],"curies":[{"name":"wp","href":"https:\/\/api.w.org\/{rel}","templated":true}]}}