{"id":25759,"date":"2020-11-09T10:04:21","date_gmt":"2020-11-09T10:04:21","guid":{"rendered":"https:\/\/gazetaregionalna.com\/?p=25759"},"modified":"2020-11-09T10:13:09","modified_gmt":"2020-11-09T10:13:09","slug":"blisko-22-tysiecy-nowych-zakazen","status":"publish","type":"post","link":"https:\/\/gazetaregionalna.com\/?p=25759","title":{"rendered":"Blisko 22 tysi\u0105ce nowych zaka\u017ce\u0144"},"content":{"rendered":"\n<h2 class=\"wp-block-heading\">Blisko 22 tysi\u0105ce nowych zaka\u017ce\u0144. <\/h2>\n\n\n\n<p>Ministerstwo Zdrowia poinformowa\u0142o, \u017ce minionej doby w kraju stwierdzono  21 713 nowych i potwierdzonych przypadk\u00f3w zaka\u017cenia koronawirusem. Ponownie najwi\u0119cej zaka\u017conych przyby\u0142o w wojew\u00f3dztwie \u015bl\u0105skim &#8211; 4373.<br> W Cz\u0119stochowie zdiagnozowano 213 nowych zaka\u017ce\u0144, a w powiecie cz\u0119stochowskim &#8211; 136.<\/p>\n\n\n\n<figure class=\"wp-block-image size-large\"><img decoding=\"async\" width=\"1024\" height=\"391\" data-src=\"https:\/\/gazetaregionalna.com\/wp-content\/uploads\/2020\/11\/sanepid-9-listo-1024x391.png\" alt=\"\" class=\"wp-image-25761 lazyload\" data-srcset=\"https:\/\/gazetaregionalna.com\/wp-content\/uploads\/2020\/11\/sanepid-9-listo-1024x391.png 1024w, https:\/\/gazetaregionalna.com\/wp-content\/uploads\/2020\/11\/sanepid-9-listo-300x115.png 300w, https:\/\/gazetaregionalna.com\/wp-content\/uploads\/2020\/11\/sanepid-9-listo-768x293.png 768w, https:\/\/gazetaregionalna.com\/wp-content\/uploads\/2020\/11\/sanepid-9-listo-1536x587.png 1536w, https:\/\/gazetaregionalna.com\/wp-content\/uploads\/2020\/11\/sanepid-9-listo-696x266.png 696w, https:\/\/gazetaregionalna.com\/wp-content\/uploads\/2020\/11\/sanepid-9-listo-1068x408.png 1068w, https:\/\/gazetaregionalna.com\/wp-content\/uploads\/2020\/11\/sanepid-9-listo-1100x420.png 1100w, https:\/\/gazetaregionalna.com\/wp-content\/uploads\/2020\/11\/sanepid-9-listo.png 1754w\" data-sizes=\"(max-width: 1024px) 100vw, 1024px\" src=\"data:image\/svg+xml;base64,PHN2ZyB3aWR0aD0iMSIgaGVpZ2h0PSIxIiB4bWxucz0iaHR0cDovL3d3dy53My5vcmcvMjAwMC9zdmciPjwvc3ZnPg==\" style=\"--smush-placeholder-width: 1024px; --smush-placeholder-aspect-ratio: 1024\/391;\" \/><\/figure>\n\n\n\n<p><br>  W pozosta\u0142ych wojew\u00f3dztwacj liczby te wygl\u0105daj\u0105 nast\u0119pujaco: ma\u0142opolskie (2650), wielkopolskie (1983), dolno\u015bl\u0105skie (1719), mazowieckie (1630), \u0142\u00f3dzkie (1269), podkarpackie (1260), lubelskie (1201), pomorskie (1122),<br> kujawsko-pomorskie (1018), zachodniopomorskie (819), warmi\u0144sko-mazurskie (694), opolskie (591), lubuskie (543), podlaskie (497), \u015bwi\u0119tokrzyskie (344).<br> Z powodu COVID-19 zmar\u0142o 45 os\u00f3b, natomiast z powodu wsp\u00f3\u0142istnienia COVID-19 z innymi schorzeniami &#8211; 128 pacjent\u00f3w.<\/p>\n","protected":false},"excerpt":{"rendered":"<p>Blisko 22 tysi\u0105ce nowych zaka\u017ce\u0144. Ministerstwo Zdrowia poinformowa\u0142o, \u017ce minionej doby w kraju stwierdzono 21 713 nowych i potwierdzonych przypadk\u00f3w zaka\u017cenia koronawirusem. Ponownie najwi\u0119cej<\/p>\n","protected":false},"author":7,"featured_media":25763,"comment_status":"open","ping_status":"open","sticky":false,"template":"","format":"standard","meta":{"_monsterinsights_skip_tracking":false,"_monsterinsights_sitenote_active":false,"_monsterinsights_sitenote_note":"","_monsterinsights_sitenote_category":0,"_uf_show_specific_survey":0,"_uf_disable_surveys":false,"footnotes":""},"categories":[94,2],"tags":[],"class_list":["post-25759","post","type-post","status-publish","format-standard","has-post-thumbnail","hentry","category-polecane","category-wiadomosci"],"_links":{"self":[{"href":"https:\/\/gazetaregionalna.com\/index.php?rest_route=\/wp\/v2\/posts\/25759","targetHints":{"allow":["GET"]}}],"collection":[{"href":"https:\/\/gazetaregionalna.com\/index.php?rest_route=\/wp\/v2\/posts"}],"about":[{"href":"https:\/\/gazetaregionalna.com\/index.php?rest_route=\/wp\/v2\/types\/post"}],"author":[{"embeddable":true,"href":"https:\/\/gazetaregionalna.com\/index.php?rest_route=\/wp\/v2\/users\/7"}],"replies":[{"embeddable":true,"href":"https:\/\/gazetaregionalna.com\/index.php?rest_route=%2Fwp%2Fv2%2Fcomments&post=25759"}],"version-history":[{"count":2,"href":"https:\/\/gazetaregionalna.com\/index.php?rest_route=\/wp\/v2\/posts\/25759\/revisions"}],"predecessor-version":[{"id":25776,"href":"https:\/\/gazetaregionalna.com\/index.php?rest_route=\/wp\/v2\/posts\/25759\/revisions\/25776"}],"wp:featuredmedia":[{"embeddable":true,"href":"https:\/\/gazetaregionalna.com\/index.php?rest_route=\/wp\/v2\/media\/25763"}],"wp:attachment":[{"href":"https:\/\/gazetaregionalna.com\/index.php?rest_route=%2Fwp%2Fv2%2Fmedia&parent=25759"}],"wp:term":[{"taxonomy":"category","embeddable":true,"href":"https:\/\/gazetaregionalna.com\/index.php?rest_route=%2Fwp%2Fv2%2Fcategories&post=25759"},{"taxonomy":"post_tag","embeddable":true,"href":"https:\/\/gazetaregionalna.com\/index.php?rest_route=%2Fwp%2Fv2%2Ftags&post=25759"}],"curies":[{"name":"wp","href":"https:\/\/api.w.org\/{rel}","templated":true}]}}