{"id":25754,"date":"2020-11-09T09:57:53","date_gmt":"2020-11-09T09:57:53","guid":{"rendered":"https:\/\/gazetaregionalna.com\/?p=25754"},"modified":"2020-11-09T09:57:56","modified_gmt":"2020-11-09T09:57:56","slug":"filharmonia-czestochowska-przenosi-swoja-dzialalnosc-do-internetu","status":"publish","type":"post","link":"https:\/\/gazetaregionalna.com\/?p=25754","title":{"rendered":"Filharmonia Cz\u0119stochowska przenosi swoj\u0105 dzia\u0142alno\u015b\u0107 do internetu"},"content":{"rendered":"\n<h2 class=\"wp-block-heading\">Filharmonia Cz\u0119stochowska przenosi swoj\u0105 dzia\u0142alno\u015b\u0107 do internetu. <\/h2>\n\n\n\n<p>To kolejna cz\u0119stochowska instytucja kulturalna, kt\u00f3ra z powodu obostrze\u0144 rz\u0105dowych musi teraz pracowa\u0107 online.<\/p>\n\n\n\n<p><br> Na najbli\u017csze takie wydarzenie online Filharmonia zaprasza 20 listopada o godzinie 19. Na  kanale YouTube Filharmonii odb\u0119dzie si\u0119 Koncert Muzyki Polskiej.<\/p>\n\n\n\n<figure class=\"wp-block-image size-large\"><img decoding=\"async\" width=\"724\" height=\"1024\" data-src=\"https:\/\/gazetaregionalna.com\/wp-content\/uploads\/2020\/11\/filharmonia1-724x1024.jpg\" alt=\"\" class=\"wp-image-25756 lazyload\" data-srcset=\"https:\/\/gazetaregionalna.com\/wp-content\/uploads\/2020\/11\/filharmonia1-724x1024.jpg 724w, https:\/\/gazetaregionalna.com\/wp-content\/uploads\/2020\/11\/filharmonia1-212x300.jpg 212w, https:\/\/gazetaregionalna.com\/wp-content\/uploads\/2020\/11\/filharmonia1-768x1086.jpg 768w, https:\/\/gazetaregionalna.com\/wp-content\/uploads\/2020\/11\/filharmonia1-1086x1536.jpg 1086w, https:\/\/gazetaregionalna.com\/wp-content\/uploads\/2020\/11\/filharmonia1-696x984.jpg 696w, https:\/\/gazetaregionalna.com\/wp-content\/uploads\/2020\/11\/filharmonia1-1068x1511.jpg 1068w, https:\/\/gazetaregionalna.com\/wp-content\/uploads\/2020\/11\/filharmonia1-297x420.jpg 297w, https:\/\/gazetaregionalna.com\/wp-content\/uploads\/2020\/11\/filharmonia1.jpg 1131w\" data-sizes=\"(max-width: 724px) 100vw, 724px\" src=\"data:image\/svg+xml;base64,PHN2ZyB3aWR0aD0iMSIgaGVpZ2h0PSIxIiB4bWxucz0iaHR0cDovL3d3dy53My5vcmcvMjAwMC9zdmciPjwvc3ZnPg==\" style=\"--smush-placeholder-width: 724px; --smush-placeholder-aspect-ratio: 724\/1024;\" \/><\/figure>\n\n\n\n<p><br> Wyst\u0105pi\u0105:<br> Aleksandra \u015awigut &#8211; fortepian<br> Tomasz Kulisiewicz &#8211; I skrzypce, Karolina Korelus \u2013 II skrzypce, Malwina K\u0119sicka \u2013 alt\u00f3wka, Adam Klocek \u2013 wiolonczela, Krzysztof Rajczyk &#8211; kontrabas<br> Tomasz Onysek \u2013 tr\u0105bka, Bart\u0142omiej Pi\u0119ta \u2013 tr\u0105bka, Stanis\u0142aw Przygoda \u2013 waltornia, Marlena Skoczylas \u2013 puzon, Ireneusz Duster \u2013 tuba.<br> Prowadzenie koncertu &#8211; Adam Klocek.<br> W programie:<br> Witold Lutos\u0142awski \u2013 Mini uwertura na kwintet d\u0119ty blaszany;<br> Aleksander Tansman \u2013 Tryptyk na kwartet smyczkowy;<br> Fryderyk Chopin \u2013 Koncert fortepianowy e-moll op.11.<br> Szczeg\u00f3\u0142y:<\/p>\n\n\n\n<p><a href=\" https:\/\/www.filharmonia.com.pl\/repertuar\/1573-Koncert-muzyki-polskiej-ON-LINE\"> https:\/\/www.filharmonia.com.pl\/repertuar\/1573-Koncert-muzyki-polskiej-ON-LINE<\/a><\/p>\n\n\n\n<p><br> Niestety zamkni\u0119cie budynku Filharmonii spowodowa\u0142o, \u017ce trzeba by\u0142o odwo\u0142a\u0107 wiele zaplanowanych na najbli\u017csze tygodnie wydarze\u0144.<br> O zmianach w repertuarze Filharmonii, zar\u00f3wno dotycz\u0105cych koncert\u00f3w w\u0142asnych, jak i imprez organizowanych przez zewn\u0119trzne agencje, instytucja informuje na bie\u017c\u0105co w Aktualno\u015bciach na stronie www.filharmonnia.com.pl.<\/p>\n\n\n\n<p><br> Filharmonia przypomina, \u017ce na koncerty i imprezy przeniesione bilety zachowuj\u0105 wa\u017cno\u015b\u0107. Zwroty przyjmowane s\u0105 wy\u0142\u0105cznie za bilety zakupione w kasie Filharmonii \u2013 stacjonarnie b\u0105d\u017a online. W sprawie zwrotu bilet\u00f3w zakupionych w innych miejscach (portale biletowe, sklepy muzyczne) nale\u017cy kontaktowa\u0107 si\u0119 bezpo\u015brednio z miejscem zakupu lub organizatorem.<\/p>\n\n\n\n<p>(Zdj\u0119cie ilustracyjne oixabay)<\/p>\n","protected":false},"excerpt":{"rendered":"<p>Filharmonia Cz\u0119stochowska przenosi swoj\u0105 dzia\u0142alno\u015b\u0107 do internetu. To kolejna cz\u0119stochowska instytucja kulturalna, kt\u00f3ra z powodu obostrze\u0144 rz\u0105dowych musi teraz pracowa\u0107 online. Na najbli\u017csze takie<\/p>\n","protected":false},"author":7,"featured_media":25757,"comment_status":"open","ping_status":"open","sticky":false,"template":"","format":"standard","meta":{"_monsterinsights_skip_tracking":false,"_monsterinsights_sitenote_active":false,"_monsterinsights_sitenote_note":"","_monsterinsights_sitenote_category":0,"_uf_show_specific_survey":0,"_uf_disable_surveys":false,"footnotes":""},"categories":[94,3,12,2],"tags":[],"class_list":["post-25754","post","type-post","status-publish","format-standard","has-post-thumbnail","hentry","category-polecane","category-czestochowa-informacje","category-kultura-i-rozrywka","category-wiadomosci"],"_links":{"self":[{"href":"https:\/\/gazetaregionalna.com\/index.php?rest_route=\/wp\/v2\/posts\/25754","targetHints":{"allow":["GET"]}}],"collection":[{"href":"https:\/\/gazetaregionalna.com\/index.php?rest_route=\/wp\/v2\/posts"}],"about":[{"href":"https:\/\/gazetaregionalna.com\/index.php?rest_route=\/wp\/v2\/types\/post"}],"author":[{"embeddable":true,"href":"https:\/\/gazetaregionalna.com\/index.php?rest_route=\/wp\/v2\/users\/7"}],"replies":[{"embeddable":true,"href":"https:\/\/gazetaregionalna.com\/index.php?rest_route=%2Fwp%2Fv2%2Fcomments&post=25754"}],"version-history":[{"count":2,"href":"https:\/\/gazetaregionalna.com\/index.php?rest_route=\/wp\/v2\/posts\/25754\/revisions"}],"predecessor-version":[{"id":25758,"href":"https:\/\/gazetaregionalna.com\/index.php?rest_route=\/wp\/v2\/posts\/25754\/revisions\/25758"}],"wp:featuredmedia":[{"embeddable":true,"href":"https:\/\/gazetaregionalna.com\/index.php?rest_route=\/wp\/v2\/media\/25757"}],"wp:attachment":[{"href":"https:\/\/gazetaregionalna.com\/index.php?rest_route=%2Fwp%2Fv2%2Fmedia&parent=25754"}],"wp:term":[{"taxonomy":"category","embeddable":true,"href":"https:\/\/gazetaregionalna.com\/index.php?rest_route=%2Fwp%2Fv2%2Fcategories&post=25754"},{"taxonomy":"post_tag","embeddable":true,"href":"https:\/\/gazetaregionalna.com\/index.php?rest_route=%2Fwp%2Fv2%2Ftags&post=25754"}],"curies":[{"name":"wp","href":"https:\/\/api.w.org\/{rel}","templated":true}]}}