{"id":25747,"date":"2020-11-09T08:13:27","date_gmt":"2020-11-09T08:13:27","guid":{"rendered":"https:\/\/gazetaregionalna.com\/?p=25747"},"modified":"2020-11-09T08:13:29","modified_gmt":"2020-11-09T08:13:29","slug":"vape-2","status":"publish","type":"post","link":"https:\/\/gazetaregionalna.com\/?p=25747","title":{"rendered":"Myszk\u00f3w poszukuje ochotnik\u00f3w do programu \u201eVAPE\u201d"},"content":{"rendered":"\n<h2 class=\"wp-block-heading\">Na terenie Myszkowa s\u0105 poszukiwani ochotnicy do realizowanego projektu <strong>\u201eVAPE\u201d<\/strong>, czyli badania jako\u015bci powietrza.<\/h2>\n\n\n\n<p><strong><a href=\"https:\/\/vape.edu.pl\/pl\/\" class=\"rank-math-link\" target=\"_blank\" rel=\"noopener\">\u201eVAPE\u201d<\/a><\/strong>\u00a0\u2013 (Virtual Air Pollution Experience) w j\u0119zyku polskim\u00a0<strong>\u201cW jaki spos\u00f3b wirtualne multisensoryczne do\u015bwiadczenie wp\u0142ywa na zachowania \u015brodowiskowe?<\/strong>\u201d to projekt, kt\u00f3rego g\u0142\u00f3wnym celem jest badanie jako\u015bci powietrza i przeciwdzia\u0142anie jego zanieczyszczeniu.<\/p>\n\n\n\n<p>Na chwil\u0119 obecn\u0105 poszukiwani s\u0105\nochotnicy, kt\u00f3rzy:<\/p>\n\n\n\n<ul class=\"wp-block-list\"><li>Na najbli\u017csze 3 lata na swojej posesji bezkosztowo zamontuj\u0105 elektroniczny czujnik jako\u015bci powietrza;<\/li><li>W ci\u0105gu najbli\u017cszych 3 lat wezm\u0105 udzia\u0142 w sze\u015bciu badaniach opinii za po\u015brednictwem telefonu, Internetu lub listownie (za symboliczne wynagrodzenie).<\/li><li>Prowadzone dzia\u0142ania zostan\u0105 sfinansowane przez fundusze EOG, a jej celem jest podniesienie \u015bwiadomo\u015b\u0107 zagro\u017cenia, jakie wynika z zanieczyszczenia powietrza oraz jak temu przeciwdzia\u0142a\u0107.<\/li><li>Wi\u0119cej szczeg\u00f3\u0142\u00f3w oraz ankieta na stronie\u00a0<a class=\"rank-math-link\" href=\"https:\/\/docs.google.com\/forms\/d\/e\/1FAIpQLSeILECvVKVCqAj8nadoOHkDuO8FfjXNkDks6Byvpiz9g4q8ag\/viewform\" target=\"_blank\" rel=\"noopener\">Organizatora<\/a>.<\/li><\/ul>\n\n\n\n<p>Zale\u017cy Ci na powietrzu, kt\u00f3rym oddychasz? Zg\u0142o\u015b si\u0119 do\nprojektu VAPE Myszk\u00f3w ju\u017c dzi\u015b!<\/p>\n\n\n\n<p>Informacje o programie w artykule <a href=\"https:\/\/gazetaregionalna.com\/vape\/\" class=\"rank-math-link\">W Myszkowie realizuj\u0105 projekt \u201eVAPE\u201d<\/a>.<\/p>\n","protected":false},"excerpt":{"rendered":"<p>Na terenie Myszkowa s\u0105 poszukiwani ochotnicy do realizowanego projektu \u201eVAPE\u201d, czyli badania jako\u015bci powietrza. \u201eVAPE\u201d\u00a0\u2013 (Virtual Air Pollution Experience) w j\u0119zyku polskim\u00a0\u201cW jaki spos\u00f3b<\/p>\n","protected":false},"author":12,"featured_media":23203,"comment_status":"open","ping_status":"open","sticky":false,"template":"","format":"standard","meta":{"_monsterinsights_skip_tracking":false,"_monsterinsights_sitenote_active":false,"_monsterinsights_sitenote_note":"","_monsterinsights_sitenote_category":0,"_uf_show_specific_survey":0,"_uf_disable_surveys":false,"footnotes":""},"categories":[29,26,94,2],"tags":[],"class_list":["post-25747","post","type-post","status-publish","format-standard","has-post-thumbnail","hentry","category-ekologia","category-myszkow","category-polecane","category-wiadomosci"],"_links":{"self":[{"href":"https:\/\/gazetaregionalna.com\/index.php?rest_route=\/wp\/v2\/posts\/25747","targetHints":{"allow":["GET"]}}],"collection":[{"href":"https:\/\/gazetaregionalna.com\/index.php?rest_route=\/wp\/v2\/posts"}],"about":[{"href":"https:\/\/gazetaregionalna.com\/index.php?rest_route=\/wp\/v2\/types\/post"}],"author":[{"embeddable":true,"href":"https:\/\/gazetaregionalna.com\/index.php?rest_route=\/wp\/v2\/users\/12"}],"replies":[{"embeddable":true,"href":"https:\/\/gazetaregionalna.com\/index.php?rest_route=%2Fwp%2Fv2%2Fcomments&post=25747"}],"version-history":[{"count":1,"href":"https:\/\/gazetaregionalna.com\/index.php?rest_route=\/wp\/v2\/posts\/25747\/revisions"}],"predecessor-version":[{"id":25748,"href":"https:\/\/gazetaregionalna.com\/index.php?rest_route=\/wp\/v2\/posts\/25747\/revisions\/25748"}],"wp:featuredmedia":[{"embeddable":true,"href":"https:\/\/gazetaregionalna.com\/index.php?rest_route=\/wp\/v2\/media\/23203"}],"wp:attachment":[{"href":"https:\/\/gazetaregionalna.com\/index.php?rest_route=%2Fwp%2Fv2%2Fmedia&parent=25747"}],"wp:term":[{"taxonomy":"category","embeddable":true,"href":"https:\/\/gazetaregionalna.com\/index.php?rest_route=%2Fwp%2Fv2%2Fcategories&post=25747"},{"taxonomy":"post_tag","embeddable":true,"href":"https:\/\/gazetaregionalna.com\/index.php?rest_route=%2Fwp%2Fv2%2Ftags&post=25747"}],"curies":[{"name":"wp","href":"https:\/\/api.w.org\/{rel}","templated":true}]}}