{"id":25425,"date":"2020-11-05T11:39:53","date_gmt":"2020-11-05T11:39:53","guid":{"rendered":"https:\/\/gazetaregionalna.com\/?p=25425"},"modified":"2020-11-05T11:42:15","modified_gmt":"2020-11-05T11:42:15","slug":"uczcza-janusza-kaminskiego","status":"publish","type":"post","link":"https:\/\/gazetaregionalna.com\/?p=25425","title":{"rendered":"W Radomsku uczcz\u0105 pami\u0119\u0107 Janusza Kami\u0144skiego"},"content":{"rendered":"\n<h2 class=\"wp-block-heading\">W Radomsku odb\u0119dzie si\u0119 I Memoria\u0142 Janusza Kami\u0144skiego w Podnoszeniu Ci\u0119\u017car\u00f3w Masters dla uczczenia pami\u0119ci radomszczanina.<\/h2>\n\n\n\n<p>Janusz Kami\u0144ski \u2013 rodowity radomszczanin rozpoznawany przez wi\u0119kszo\u015b\u0107 mieszka\u0144c\u00f3w miasta. By\u0142 spo\u0142ecznikiem, s\u0119dzi\u0105 mi\u0119dzynarodowym w podnoszeniu ci\u0119\u017car\u00f3w. S\u0119dziowa\u0142 najwa\u017cniejsze zawody na \u015bwiecie w podnoszeniu ci\u0119\u017car\u00f3w. W Radomsku prowadzi\u0142 \u201eDrukarni\u0119 Braci Kami\u0144skich\u201d. By\u0142 tak\u017ce pomys\u0142odawc\u0105 Muzeum Drukarstwa w tym mie\u015bcie.<\/p>\n\n\n\n<p><strong>8 listopada 2020 roku w Powiatowej Hali Sportowej w Radomsku o godzinie 11.00 <\/strong>odb\u0119dzie si\u0119 Memoria\u0142 ku pami\u0119ci <strong>Janusza Kami\u0144skiego<\/strong>.<\/p>\n\n\n\n<p>Zawody\npod Honorowym Patronatem Starosty Powiatu Radomszcza\u0144skiego Beaty\nPokory odb\u0119d\u0105 si\u0119 bez udzia\u0142u publiczno\u015bci. \n<\/p>\n\n\n\n<p>Organizatorzy:<\/p>\n\n\n\n<ul class=\"wp-block-list\"><li>\n\tPolska\n\tFederacja Podnoszenia Ci\u0119\u017car\u00f3w MASTERS;\n\t<\/li><li>\n\tPatryk\n\tKami\u0144ski;\n\t<\/li><li>\n\tPowiatowa\n\tHala Sportowa w Radomsku;\n\t<\/li><li>\n\tPowiat\n\tRadomszcza\u0144ski.\n<\/li><\/ul>\n\n\n\n<p>Dodatkowych informacji organizacyjnych udziela Patryk Kami\u0144ski pod numerem telefonu 502 111 313.<\/p>\n\n\n\n<figure class=\"wp-block-image size-large\"><img decoding=\"async\" width=\"1024\" height=\"557\" data-src=\"https:\/\/gazetaregionalna.com\/wp-content\/uploads\/2020\/11\/plakat-memoria\u0142-1024x557.jpg\" alt=\"\" class=\"wp-image-25430 lazyload\" data-srcset=\"https:\/\/gazetaregionalna.com\/wp-content\/uploads\/2020\/11\/plakat-memoria\u0142-1024x557.jpg 1024w, https:\/\/gazetaregionalna.com\/wp-content\/uploads\/2020\/11\/plakat-memoria\u0142-300x163.jpg 300w, https:\/\/gazetaregionalna.com\/wp-content\/uploads\/2020\/11\/plakat-memoria\u0142-768x418.jpg 768w, https:\/\/gazetaregionalna.com\/wp-content\/uploads\/2020\/11\/plakat-memoria\u0142-696x378.jpg 696w, https:\/\/gazetaregionalna.com\/wp-content\/uploads\/2020\/11\/plakat-memoria\u0142-1068x581.jpg 1068w, https:\/\/gazetaregionalna.com\/wp-content\/uploads\/2020\/11\/plakat-memoria\u0142-772x420.jpg 772w, https:\/\/gazetaregionalna.com\/wp-content\/uploads\/2020\/11\/plakat-memoria\u0142.jpg 1200w\" data-sizes=\"(max-width: 1024px) 100vw, 1024px\" src=\"data:image\/svg+xml;base64,PHN2ZyB3aWR0aD0iMSIgaGVpZ2h0PSIxIiB4bWxucz0iaHR0cDovL3d3dy53My5vcmcvMjAwMC9zdmciPjwvc3ZnPg==\" style=\"--smush-placeholder-width: 1024px; --smush-placeholder-aspect-ratio: 1024\/557;\" \/><figcaption>Fot: Powiat Radomszcza\u0144ski<\/figcaption><\/figure>\n","protected":false},"excerpt":{"rendered":"<p>W Radomsku odb\u0119dzie si\u0119 I Memoria\u0142 Janusza Kami\u0144skiego w Podnoszeniu Ci\u0119\u017car\u00f3w Masters dla uczczenia pami\u0119ci radomszczanina. Janusz Kami\u0144ski \u2013 rodowity radomszczanin rozpoznawany przez wi\u0119kszo\u015b\u0107<\/p>\n","protected":false},"author":12,"featured_media":25429,"comment_status":"open","ping_status":"open","sticky":false,"template":"","format":"standard","meta":{"_monsterinsights_skip_tracking":false,"_monsterinsights_sitenote_active":false,"_monsterinsights_sitenote_note":"","_monsterinsights_sitenote_category":0,"_uf_show_specific_survey":0,"_uf_disable_surveys":false,"footnotes":""},"categories":[13,94,11,28,5,2],"tags":[],"class_list":["post-25425","post","type-post","status-publish","format-standard","has-post-thumbnail","hentry","category-wydarzenia","category-polecane","category-pozostale","category-radomsko","category-sport","category-wiadomosci"],"_links":{"self":[{"href":"https:\/\/gazetaregionalna.com\/index.php?rest_route=\/wp\/v2\/posts\/25425","targetHints":{"allow":["GET"]}}],"collection":[{"href":"https:\/\/gazetaregionalna.com\/index.php?rest_route=\/wp\/v2\/posts"}],"about":[{"href":"https:\/\/gazetaregionalna.com\/index.php?rest_route=\/wp\/v2\/types\/post"}],"author":[{"embeddable":true,"href":"https:\/\/gazetaregionalna.com\/index.php?rest_route=\/wp\/v2\/users\/12"}],"replies":[{"embeddable":true,"href":"https:\/\/gazetaregionalna.com\/index.php?rest_route=%2Fwp%2Fv2%2Fcomments&post=25425"}],"version-history":[{"count":3,"href":"https:\/\/gazetaregionalna.com\/index.php?rest_route=\/wp\/v2\/posts\/25425\/revisions"}],"predecessor-version":[{"id":25432,"href":"https:\/\/gazetaregionalna.com\/index.php?rest_route=\/wp\/v2\/posts\/25425\/revisions\/25432"}],"wp:featuredmedia":[{"embeddable":true,"href":"https:\/\/gazetaregionalna.com\/index.php?rest_route=\/wp\/v2\/media\/25429"}],"wp:attachment":[{"href":"https:\/\/gazetaregionalna.com\/index.php?rest_route=%2Fwp%2Fv2%2Fmedia&parent=25425"}],"wp:term":[{"taxonomy":"category","embeddable":true,"href":"https:\/\/gazetaregionalna.com\/index.php?rest_route=%2Fwp%2Fv2%2Fcategories&post=25425"},{"taxonomy":"post_tag","embeddable":true,"href":"https:\/\/gazetaregionalna.com\/index.php?rest_route=%2Fwp%2Fv2%2Ftags&post=25425"}],"curies":[{"name":"wp","href":"https:\/\/api.w.org\/{rel}","templated":true}]}}