{"id":25368,"date":"2020-11-05T08:00:12","date_gmt":"2020-11-05T08:00:12","guid":{"rendered":"https:\/\/gazetaregionalna.com\/?p=25368"},"modified":"2020-11-05T08:00:16","modified_gmt":"2020-11-05T08:00:16","slug":"nowe-boisko-2","status":"publish","type":"post","link":"https:\/\/gazetaregionalna.com\/?p=25368","title":{"rendered":"W Myszkowie powsta\u0142o nowe boisko treningowe"},"content":{"rendered":"\n<h2 class=\"wp-block-heading\">W\nMyszkowie zako\u0144czy\u0142y si\u0119 ju\u017c prace na boisku treningowym na\nterenie MOSiR. W poniedzia\u0142ek pi\u0142karze odbyli na nim pierwszy\ntrening.<\/h2>\n\n\n\n<p>Latem\n2020 roku rozpocz\u0119te prace na stadionie miejskim, jak przewidywa\u0142\nwykonawca zadania, zako\u0144czy\u0142y si\u0119 w terminie. Nowe boisko\ntreningowe powsta\u0142o dzi\u0119ki dofinansowaniu z Funduszu Rozwoju\nKultury Fizycznej w ramach Programu Sportowa Polska 2020. <strong>Na\ninwestycj\u0119 pozyskano kwot\u0119<\/strong><strong>\nw wysoko\u015bci  <\/strong><strong>1\n313 600,00 z\u0142,<\/strong><strong>\nza\u015b kwot\u0119 <\/strong><strong>1\n350 580,00 z\u0142 <\/strong><strong>pokry\u0142a\nGmina z w\u0142asnych \u015brodk\u00f3w.<\/strong>\n\n<\/p>\n\n\n\n<figure class=\"wp-block-image size-large\"><img decoding=\"async\" width=\"758\" height=\"452\" data-src=\"https:\/\/gazetaregionalna.com\/wp-content\/uploads\/2020\/11\/boisko-treningowe.jpg\" alt=\"\" class=\"wp-image-25373 lazyload\" data-srcset=\"https:\/\/gazetaregionalna.com\/wp-content\/uploads\/2020\/11\/boisko-treningowe.jpg 758w, https:\/\/gazetaregionalna.com\/wp-content\/uploads\/2020\/11\/boisko-treningowe-300x179.jpg 300w, https:\/\/gazetaregionalna.com\/wp-content\/uploads\/2020\/11\/boisko-treningowe-696x415.jpg 696w, https:\/\/gazetaregionalna.com\/wp-content\/uploads\/2020\/11\/boisko-treningowe-704x420.jpg 704w\" data-sizes=\"(max-width: 758px) 100vw, 758px\" src=\"data:image\/svg+xml;base64,PHN2ZyB3aWR0aD0iMSIgaGVpZ2h0PSIxIiB4bWxucz0iaHR0cDovL3d3dy53My5vcmcvMjAwMC9zdmciPjwvc3ZnPg==\" style=\"--smush-placeholder-width: 758px; --smush-placeholder-aspect-ratio: 758\/452;\" \/><figcaption>Fot: UG Myszk\u00f3w<\/figcaption><\/figure>\n\n\n\n<p><em>&#8211; \u201eW terminie zako\u0144czyli\u015bmy budow\u0119 nowego boiska treningowego na stadionie miejskim. Wczoraj pi\u0142karze MKS-u mogli odby\u0107 trening na nowej murawie z czego si\u0119 bardzo ciesz\u0119. Czasy mamy takie, jakie mamy, dlatego na oficjalne otwarcia przyjdzie czas. Dla mnie najlepszym prezentem b\u0119d\u0105 dobre wyniki naszych pi\u0142karskich dru\u017cyn. Pragn\u0119 r\u00f3wnie\u017c, jeszcze raz podzi\u0119kowa\u0107 <\/em><strong><em>Pani Europose\u0142 Jadwidze Wi\u015bniewskiej <\/em><\/strong><em>za wsparcie przy pozyskiwaniu \u015brodk\u00f3w\u201d <\/em>&#8211; m\u00f3wi Burmistrz Miasta <strong>W\u0142odzimierz \u017bak<\/strong>.<\/p>\n\n\n\n<figure class=\"wp-block-image size-large\"><img decoding=\"async\" width=\"758\" height=\"452\" data-src=\"https:\/\/gazetaregionalna.com\/wp-content\/uploads\/2020\/11\/boisko-treningowe-2.jpg\" alt=\"\" class=\"wp-image-25370 lazyload\" data-srcset=\"https:\/\/gazetaregionalna.com\/wp-content\/uploads\/2020\/11\/boisko-treningowe-2.jpg 758w, https:\/\/gazetaregionalna.com\/wp-content\/uploads\/2020\/11\/boisko-treningowe-2-300x179.jpg 300w, https:\/\/gazetaregionalna.com\/wp-content\/uploads\/2020\/11\/boisko-treningowe-2-696x415.jpg 696w, https:\/\/gazetaregionalna.com\/wp-content\/uploads\/2020\/11\/boisko-treningowe-2-704x420.jpg 704w\" data-sizes=\"(max-width: 758px) 100vw, 758px\" src=\"data:image\/svg+xml;base64,PHN2ZyB3aWR0aD0iMSIgaGVpZ2h0PSIxIiB4bWxucz0iaHR0cDovL3d3dy53My5vcmcvMjAwMC9zdmciPjwvc3ZnPg==\" style=\"--smush-placeholder-width: 758px; --smush-placeholder-aspect-ratio: 758\/452;\" \/><figcaption>Fot: UG Myszk\u00f3w<\/figcaption><\/figure>\n\n\n\n<p>W\u0142adze Miasta Myszk\u00f3w decyzj\u0119 o budowie obiektu podj\u0119\u0142y z my\u015bl\u0105 o potrzebach myszkowskich dru\u017cyn. Nowe boisko treningowe posiada:  <\/p>\n\n\n\n<ul class=\"wp-block-list\"><li>\n\twymiary\n\t74&#215;115\n\tm;\n\t<\/li><li>\n\tsztuczna\n\tnawierzchnia;\n\t<\/li><li>\n\tdwie\n\tbramki;\n\t<\/li><li>\n\tpi\u0142kochwyty;\n\t<\/li><li>\n\t17\n\tzadaszonych siedzisk dla zawodnik\u00f3w;\n\t<\/li><li>\n\t52\n\tsiedziska dla widz\u00f3w;\n\t<\/li><li>\n\telektroniczn\u0105\n\ttablic\u0119 wynik\u00f3w;\n\t<\/li><li>\n\tkosze\n\tna \u015bmieci;\n\t<\/li><li>\n\tzestaw\n\tmonitoringu boiska.\n<\/li><\/ul>\n\n\n\n<p>Dodatkowo boisko otacza niskie ogrodzenie, a muraw\u0119 o\u015bwietlaj\u0105 lampy na czterech zamontowanych masztach.<\/p>\n\n\n\n<p>Od teraz dru\u017cyny pi\u0142karskie b\u0119d\u0105 mia\u0142y do swojej dyspozycji nowe miejsce do trening\u00f3w, a zarz\u0105d MOSiR-u wzbogaci si\u0119 o nowy obiekt sportowy.<\/p>\n\n\n\n<figure class=\"wp-block-image size-large\"><img decoding=\"async\" width=\"806\" height=\"454\" data-src=\"https:\/\/gazetaregionalna.com\/wp-content\/uploads\/2020\/11\/boisko-treningowe-4.jpg\" alt=\"\" class=\"wp-image-25372 lazyload\" data-srcset=\"https:\/\/gazetaregionalna.com\/wp-content\/uploads\/2020\/11\/boisko-treningowe-4.jpg 806w, https:\/\/gazetaregionalna.com\/wp-content\/uploads\/2020\/11\/boisko-treningowe-4-300x169.jpg 300w, https:\/\/gazetaregionalna.com\/wp-content\/uploads\/2020\/11\/boisko-treningowe-4-768x433.jpg 768w, https:\/\/gazetaregionalna.com\/wp-content\/uploads\/2020\/11\/boisko-treningowe-4-696x392.jpg 696w, https:\/\/gazetaregionalna.com\/wp-content\/uploads\/2020\/11\/boisko-treningowe-4-746x420.jpg 746w\" data-sizes=\"(max-width: 806px) 100vw, 806px\" src=\"data:image\/svg+xml;base64,PHN2ZyB3aWR0aD0iMSIgaGVpZ2h0PSIxIiB4bWxucz0iaHR0cDovL3d3dy53My5vcmcvMjAwMC9zdmciPjwvc3ZnPg==\" style=\"--smush-placeholder-width: 806px; --smush-placeholder-aspect-ratio: 806\/454;\" \/><figcaption>Fot: UG Myszk\u00f3w<\/figcaption><\/figure>\n","protected":false},"excerpt":{"rendered":"<p>W Myszkowie zako\u0144czy\u0142y si\u0119 ju\u017c prace na boisku treningowym na terenie MOSiR. W poniedzia\u0142ek pi\u0142karze odbyli na nim pierwszy trening. Latem 2020 roku rozpocz\u0119te<\/p>\n","protected":false},"author":12,"featured_media":25371,"comment_status":"open","ping_status":"open","sticky":false,"template":"","format":"standard","meta":{"_monsterinsights_skip_tracking":false,"_monsterinsights_sitenote_active":false,"_monsterinsights_sitenote_note":"","_monsterinsights_sitenote_category":0,"_uf_show_specific_survey":0,"_uf_disable_surveys":false,"footnotes":""},"categories":[33,26,6,94,2],"tags":[],"class_list":["post-25368","post","type-post","status-publish","format-standard","has-post-thumbnail","hentry","category-inwestycje","category-myszkow","category-pilka-nozna","category-polecane","category-wiadomosci"],"_links":{"self":[{"href":"https:\/\/gazetaregionalna.com\/index.php?rest_route=\/wp\/v2\/posts\/25368","targetHints":{"allow":["GET"]}}],"collection":[{"href":"https:\/\/gazetaregionalna.com\/index.php?rest_route=\/wp\/v2\/posts"}],"about":[{"href":"https:\/\/gazetaregionalna.com\/index.php?rest_route=\/wp\/v2\/types\/post"}],"author":[{"embeddable":true,"href":"https:\/\/gazetaregionalna.com\/index.php?rest_route=\/wp\/v2\/users\/12"}],"replies":[{"embeddable":true,"href":"https:\/\/gazetaregionalna.com\/index.php?rest_route=%2Fwp%2Fv2%2Fcomments&post=25368"}],"version-history":[{"count":2,"href":"https:\/\/gazetaregionalna.com\/index.php?rest_route=\/wp\/v2\/posts\/25368\/revisions"}],"predecessor-version":[{"id":25374,"href":"https:\/\/gazetaregionalna.com\/index.php?rest_route=\/wp\/v2\/posts\/25368\/revisions\/25374"}],"wp:featuredmedia":[{"embeddable":true,"href":"https:\/\/gazetaregionalna.com\/index.php?rest_route=\/wp\/v2\/media\/25371"}],"wp:attachment":[{"href":"https:\/\/gazetaregionalna.com\/index.php?rest_route=%2Fwp%2Fv2%2Fmedia&parent=25368"}],"wp:term":[{"taxonomy":"category","embeddable":true,"href":"https:\/\/gazetaregionalna.com\/index.php?rest_route=%2Fwp%2Fv2%2Fcategories&post=25368"},{"taxonomy":"post_tag","embeddable":true,"href":"https:\/\/gazetaregionalna.com\/index.php?rest_route=%2Fwp%2Fv2%2Ftags&post=25368"}],"curies":[{"name":"wp","href":"https:\/\/api.w.org\/{rel}","templated":true}]}}