{"id":25364,"date":"2020-11-05T07:46:06","date_gmt":"2020-11-05T07:46:06","guid":{"rendered":"https:\/\/gazetaregionalna.com\/?p=25364"},"modified":"2020-11-05T07:46:09","modified_gmt":"2020-11-05T07:46:09","slug":"w-czestochowie-powstanie-osiedle-blokow-komunalnych","status":"publish","type":"post","link":"https:\/\/gazetaregionalna.com\/?p=25364","title":{"rendered":"W Cz\u0119stochowie powstanie osiedle blok\u00f3w komunalnych"},"content":{"rendered":"\n<h2 class=\"wp-block-heading\"> W Cz\u0119stochowie powstanie osiedle blok\u00f3w komunalnych. <\/h2>\n\n\n\n<p>Zlokalizowane zostanie w dzielnicy Cz\u0119stoch\u00f3wka-Parkitka.<br> Jak informuje miasto, budynki maj\u0105 by\u0107 wybudowane w formule TBS w ramach najmu komunalnego.<\/p>\n\n\n\n<p><br> Pod przysz\u0142e osiedle samorz\u0105d cz\u0119stochowski przeznaczy\u0142 teren o powierzchni ponad 3,3 hektara. Znajduje si\u0119 on w rejonie ulic: Poleskiej, \u0141\u00f3dzkiej i Obro\u0144c\u00f3w Westerplatte. Miasto przeka\u017ce grunt pod inwestycj\u0119 Zak\u0142adowi Gospodarki Mieszkaniowej \u201eTBS\u201d Sp. z o.o.<\/p>\n\n\n\n<p><br> W sumie w planach jest trzyna\u015bcie czterokondygnacyjnych blok\u00f3w z oko\u0142o 350 mieszkaniami.<br> Mia\u0142yby to by\u0107, wed\u0142ug wst\u0119pnej koncepcji architektonicznej nowoczesne, ekologiczne budynki wyposa\u017cone m.in. w pompy ciep\u0142a, fotowoltaik\u0119 oraz odzyskiwanie wody deszczowej.<br>  Budynki wielorodzinne, kt\u00f3re maj\u0105 powstan\u0105 na Parkitce maj\u0105 wed\u0142ug wst\u0119pnych projekt\u00f3w posiada\u0107 tak\u017ce podziemne parkingi. Wok\u00f3\u0142 przewidziano place zabaw i ziele\u0144.<\/p>\n\n\n\n<p>Dzia\u0142ki, na kt\u00f3rych powstan\u0105 bloki s\u0105 w\u0142asno\u015bci\u0105 Gminy Miasto Cz\u0119stochowa, a ich warto\u015b\u0107 \u2013 zgodnie z operatem szacunkowym \u2013 to ponad 10 mln z\u0142. <br> Na ostatniej sesji radni miejscy  wyrazili zgod\u0119 na podwy\u017cszenie kapita\u0142u zak\u0142adowego miejskiej sp\u00f3\u0142ki o kwot\u0119 10 112 000 z\u0142.  Wszystkie udzia\u0142y (100%) w niej posiada Gmina Miasto Cz\u0119stochowa.<\/p>\n","protected":false},"excerpt":{"rendered":"<p>W Cz\u0119stochowie powstanie osiedle blok\u00f3w komunalnych. Zlokalizowane zostanie w dzielnicy Cz\u0119stoch\u00f3wka-Parkitka. Jak informuje miasto, budynki maj\u0105 by\u0107 wybudowane w formule TBS w ramach najmu<\/p>\n","protected":false},"author":7,"featured_media":25366,"comment_status":"open","ping_status":"open","sticky":false,"template":"","format":"standard","meta":{"_monsterinsights_skip_tracking":false,"_monsterinsights_sitenote_active":false,"_monsterinsights_sitenote_note":"","_monsterinsights_sitenote_category":0,"_uf_show_specific_survey":0,"_uf_disable_surveys":false,"footnotes":""},"categories":[94,3,2],"tags":[],"class_list":["post-25364","post","type-post","status-publish","format-standard","has-post-thumbnail","hentry","category-polecane","category-czestochowa-informacje","category-wiadomosci"],"_links":{"self":[{"href":"https:\/\/gazetaregionalna.com\/index.php?rest_route=\/wp\/v2\/posts\/25364","targetHints":{"allow":["GET"]}}],"collection":[{"href":"https:\/\/gazetaregionalna.com\/index.php?rest_route=\/wp\/v2\/posts"}],"about":[{"href":"https:\/\/gazetaregionalna.com\/index.php?rest_route=\/wp\/v2\/types\/post"}],"author":[{"embeddable":true,"href":"https:\/\/gazetaregionalna.com\/index.php?rest_route=\/wp\/v2\/users\/7"}],"replies":[{"embeddable":true,"href":"https:\/\/gazetaregionalna.com\/index.php?rest_route=%2Fwp%2Fv2%2Fcomments&post=25364"}],"version-history":[{"count":2,"href":"https:\/\/gazetaregionalna.com\/index.php?rest_route=\/wp\/v2\/posts\/25364\/revisions"}],"predecessor-version":[{"id":25367,"href":"https:\/\/gazetaregionalna.com\/index.php?rest_route=\/wp\/v2\/posts\/25364\/revisions\/25367"}],"wp:featuredmedia":[{"embeddable":true,"href":"https:\/\/gazetaregionalna.com\/index.php?rest_route=\/wp\/v2\/media\/25366"}],"wp:attachment":[{"href":"https:\/\/gazetaregionalna.com\/index.php?rest_route=%2Fwp%2Fv2%2Fmedia&parent=25364"}],"wp:term":[{"taxonomy":"category","embeddable":true,"href":"https:\/\/gazetaregionalna.com\/index.php?rest_route=%2Fwp%2Fv2%2Fcategories&post=25364"},{"taxonomy":"post_tag","embeddable":true,"href":"https:\/\/gazetaregionalna.com\/index.php?rest_route=%2Fwp%2Fv2%2Ftags&post=25364"}],"curies":[{"name":"wp","href":"https:\/\/api.w.org\/{rel}","templated":true}]}}