{"id":25307,"date":"2020-11-04T14:45:42","date_gmt":"2020-11-04T14:45:42","guid":{"rendered":"https:\/\/gazetaregionalna.com\/?p=25307"},"modified":"2020-11-04T14:45:44","modified_gmt":"2020-11-04T14:45:44","slug":"skra-8","status":"publish","type":"post","link":"https:\/\/gazetaregionalna.com\/?p=25307","title":{"rendered":"Tego si\u0119 nikt nie spodziewa\u0142. Skra przegra\u0142a z ostatnim Lechem II"},"content":{"rendered":"\n<p>Skra Cz\u0119stochowa nie b\u0119dzie dobrze\nwspomina\u0107 \u015brodowego meczu we Wronkach, gdzie przegra\u0142a z ostatnim\nw tabeli Lechem II Pozna\u0144 0:1.<\/p>\n\n\n\n<p>Skra Cz\u0119stochowa do Wronek na mecz z\nrezerwami Lecha jecha\u0142a z wiar\u0105 w zwyci\u0119stwo. Tym bardziej, \u017ce\nmia\u0142a na koncie ju\u017c 6 wygranych i plasowa\u0142a si\u0119 w czo\u0142\u00f3wce\ntabeli 2 ligi. Zdecydowanie gorsze nastroje panowa\u0142y w ekipie Lecha\nII. Dru\u017cyna z Poznania mia\u0142a na koncie tylko 3 punkty i zajmowa\u0142a\nostatnie miejsce w tabeli. \n<\/p>\n\n\n\n<p>Jak wida\u0107, tabela cz\u0119sto mo\u017ce by\u0107 z\u0142udna, a o zwyci\u0119stwie b\u0105d\u017a przegranej mo\u017ce decydowa\u0107 dyspozycja dnia. W \u015brod\u0119 pi\u0142karze Skry rozegrali jedno ze s\u0142abszych spotka\u0144 w tym sezonie, a co gorsze, bramk\u0119 stracili z rzutu karnego, o kt\u00f3rego go\u015bcie mieli pretensje&#8230;  <\/p>\n\n\n\n<p>Skra przegrywa\u0142a od 20. minuty 0:1 i nie znalaz\u0142a sposobu, aby przynajmniej doprowadzi\u0107 do wyr\u00f3wnania. Punkty \u201ezgubione\u201d z Lechem II mog\u0105 w konsekwencji wiele znaczy\u0107&#8230;<\/p>\n\n\n\n<p>Okazj\u0119 do prze\u0142amania Skra b\u0119dzie\nmie\u0107 ju\u017c w najbli\u017csz\u0105 sobot\u0119, 7 listopada. Cz\u0119stochowscy\npi\u0142karze na stadionie przy ul. Loreta\u0144skiej podejmowa\u0107 b\u0119d\u0105\nG\u00f3rnika Polkowice. To obecny wicelider 2 ligi i te\u017c b\u0119dzie bardzo\ntrudno o wygran\u0105. \n<\/p>\n\n\n\n<p>Sobotni mecz odb\u0119dzie si\u0119 bez udzia\u0142u\npubliczno\u015bci. \n<\/p>\n\n\n\n<p><strong>Lech II Pozna\u0144 \u2013 Skra Cz\u0119stochowa\n1:0 (1:0)<\/strong><\/p>\n\n\n\n<p><strong>Bramka:<\/strong> 1:0 Sobol (20.).<\/p>\n\n\n\n<p>Foto: Gazeta Regionalna <\/p>\n","protected":false},"excerpt":{"rendered":"<p>Skra Cz\u0119stochowa nie b\u0119dzie dobrze wspomina\u0107 \u015brodowego meczu we Wronkach, gdzie przegra\u0142a z ostatnim w tabeli Lechem II Pozna\u0144 0:1. Skra Cz\u0119stochowa do Wronek<\/p>\n","protected":false},"author":15,"featured_media":19668,"comment_status":"open","ping_status":"open","sticky":false,"template":"","format":"standard","meta":{"_monsterinsights_skip_tracking":false,"_monsterinsights_sitenote_active":false,"_monsterinsights_sitenote_note":"","_monsterinsights_sitenote_category":0,"_uf_show_specific_survey":0,"_uf_disable_surveys":false,"footnotes":""},"categories":[5,6],"tags":[],"class_list":["post-25307","post","type-post","status-publish","format-standard","has-post-thumbnail","hentry","category-sport","category-pilka-nozna"],"_links":{"self":[{"href":"https:\/\/gazetaregionalna.com\/index.php?rest_route=\/wp\/v2\/posts\/25307","targetHints":{"allow":["GET"]}}],"collection":[{"href":"https:\/\/gazetaregionalna.com\/index.php?rest_route=\/wp\/v2\/posts"}],"about":[{"href":"https:\/\/gazetaregionalna.com\/index.php?rest_route=\/wp\/v2\/types\/post"}],"author":[{"embeddable":true,"href":"https:\/\/gazetaregionalna.com\/index.php?rest_route=\/wp\/v2\/users\/15"}],"replies":[{"embeddable":true,"href":"https:\/\/gazetaregionalna.com\/index.php?rest_route=%2Fwp%2Fv2%2Fcomments&post=25307"}],"version-history":[{"count":1,"href":"https:\/\/gazetaregionalna.com\/index.php?rest_route=\/wp\/v2\/posts\/25307\/revisions"}],"predecessor-version":[{"id":25310,"href":"https:\/\/gazetaregionalna.com\/index.php?rest_route=\/wp\/v2\/posts\/25307\/revisions\/25310"}],"wp:featuredmedia":[{"embeddable":true,"href":"https:\/\/gazetaregionalna.com\/index.php?rest_route=\/wp\/v2\/media\/19668"}],"wp:attachment":[{"href":"https:\/\/gazetaregionalna.com\/index.php?rest_route=%2Fwp%2Fv2%2Fmedia&parent=25307"}],"wp:term":[{"taxonomy":"category","embeddable":true,"href":"https:\/\/gazetaregionalna.com\/index.php?rest_route=%2Fwp%2Fv2%2Fcategories&post=25307"},{"taxonomy":"post_tag","embeddable":true,"href":"https:\/\/gazetaregionalna.com\/index.php?rest_route=%2Fwp%2Fv2%2Ftags&post=25307"}],"curies":[{"name":"wp","href":"https:\/\/api.w.org\/{rel}","templated":true}]}}