{"id":25306,"date":"2020-11-04T14:49:42","date_gmt":"2020-11-04T14:49:42","guid":{"rendered":"https:\/\/gazetaregionalna.com\/?p=25306"},"modified":"2020-11-04T14:51:18","modified_gmt":"2020-11-04T14:51:18","slug":"aniol","status":"publish","type":"post","link":"https:\/\/gazetaregionalna.com\/?p=25306","title":{"rendered":"Konkurs plastyczny \u201eAnio\u0142\u201d &#8211; organizatorem GCKiR w Konopiskach"},"content":{"rendered":"\n<h2 class=\"wp-block-heading\">Gminne Centrum Kultury i Rekreacji w Konopiskach pod patronatem W\u00f3jta Gminy i Starosty Cz\u0119stochowskiego zaprasza mieszka\u0144c\u00f3w Gminy Konopiska do wzi\u0119cia udzia\u0142u w <strong>XIX Mi\u0119dzynarodowym Konkursie Plastycznym pt. \u201eAnio\u0142\u201d<\/strong>.<\/h2>\n\n\n\n<p>W\nkonkursie mog\u0105 wzi\u0105\u0107 udzia\u0142 indywidualnie b\u0105d\u017a w grupie dzieci\ni doro\u015bli:<\/p>\n\n\n\n<ul class=\"wp-block-list\"><li>szk\u00f3\u0142\n\tpodstawowych;\n\t<\/li><li>szk\u00f3\u0142\n\tponadpodstawowych;\n\t<\/li><li>dzieci\u0119cych\n\tzespo\u0142\u00f3w plastycznych w domach, o\u015brodkach kultury, \u015bwietlicach\n\t<\/li><li>plastycy\n\tnieprofesjonalni;\n\t<\/li><li>klub\u00f3w\n\tseniora;\n\t<\/li><li>KGW\n\titp.,\n<\/li><\/ul>\n\n\n\n<p>podzieleni\nna grupy wiekowe:<\/p>\n\n\n\n<p>Praca indywidualna: <\/p>\n\n\n\n<ul class=\"wp-block-list\"><li>I grupa: przedszkola i klasa \u201e0\u201d; <\/li><li>II grupa: klasa I -III; <\/li><li>III grupa: klasa IV \u2013VI; <\/li><li>IV grupa: klasa VII \u2013 VIII; <\/li><li>V grupa: m\u0142odzie\u017c i doro\u015bli. <\/li><\/ul>\n\n\n\n<p>Praca zbiorowa: <\/p>\n\n\n\n<ul class=\"wp-block-list\"><li>I\n\tgrupa: przedszkola i klasa \u201e0\u201d;\n\t<\/li><li>II\n\tgrupa: klasa I \u2013 III.\n<\/li><\/ul>\n\n\n\n<p>Uczestnicy\nmaj\u0105 za zadanie w tw\u00f3rczo\u015bci plastycznej stworzy\u0107 Anio\u0142a jako\nwys\u0142annika Boga, Jego Pos\u0142a\u0144ca, dostarczyciela dobrej nowiny,\nobro\u0144c\u0119 przed z\u0142em&#8230;. stworzenie w\u0142asnego wyobra\u017cenia postaci\nAnio\u0142a w dzisiejszych czasach.<\/p>\n\n\n\n<figure class=\"wp-block-image size-large\"><img decoding=\"async\" width=\"1024\" height=\"683\" data-src=\"https:\/\/gazetaregionalna.com\/wp-content\/uploads\/2020\/11\/anio\u0142-2-1024x683.jpg\" alt=\"\" class=\"wp-image-25315 lazyload\" data-srcset=\"https:\/\/gazetaregionalna.com\/wp-content\/uploads\/2020\/11\/anio\u0142-2-1024x683.jpg 1024w, https:\/\/gazetaregionalna.com\/wp-content\/uploads\/2020\/11\/anio\u0142-2-300x200.jpg 300w, https:\/\/gazetaregionalna.com\/wp-content\/uploads\/2020\/11\/anio\u0142-2-768x512.jpg 768w, https:\/\/gazetaregionalna.com\/wp-content\/uploads\/2020\/11\/anio\u0142-2-1536x1024.jpg 1536w, https:\/\/gazetaregionalna.com\/wp-content\/uploads\/2020\/11\/anio\u0142-2-696x464.jpg 696w, https:\/\/gazetaregionalna.com\/wp-content\/uploads\/2020\/11\/anio\u0142-2-1068x712.jpg 1068w, https:\/\/gazetaregionalna.com\/wp-content\/uploads\/2020\/11\/anio\u0142-2-630x420.jpg 630w, https:\/\/gazetaregionalna.com\/wp-content\/uploads\/2020\/11\/anio\u0142-2.jpg 1200w\" data-sizes=\"(max-width: 1024px) 100vw, 1024px\" src=\"data:image\/svg+xml;base64,PHN2ZyB3aWR0aD0iMSIgaGVpZ2h0PSIxIiB4bWxucz0iaHR0cDovL3d3dy53My5vcmcvMjAwMC9zdmciPjwvc3ZnPg==\" style=\"--smush-placeholder-width: 1024px; --smush-placeholder-aspect-ratio: 1024\/683;\" \/><figcaption>Fot: pixabay<\/figcaption><\/figure>\n\n\n\n<p>Technika\nwykonania oraz dob\u00f3r materia\u0142\u00f3w jest dowolny. Wa\u017cne by praca nie\nprzekracza\u0142a 80 cm wysoko\u015bci i szeroko\u015bci.<\/p>\n\n\n\n<p>Gotow\u0105\npodpisan\u0105 prac\u0119 (trwale przyczepiona metryczka powinna zawiera\u0107:\nimi\u0119, nazwisko, klasa, wiek, nazwa szko\u0142y lub instytucji) wraz z\nkart\u0105 zg\u0142oszeniow\u0105 nale\u017cy wys\u0142a\u0107 w opakowaniu wykluczaj\u0105cym\nzniszczenie na adres:<\/p>\n\n\n\n<ul class=\"wp-block-list\"><li>GCKiR,\n\tul. Sportowa 7,  42-274 Konopiska;\n\t<\/li><li>GCKiR,\n\tul. Sportowa 60,42-274 Konopiska,\n<\/li><\/ul>\n\n\n\n<p>lub dostarczy\u0107 osobi\u015bcie albo przez plac\u00f3wk\u0119 do <strong>7 grudnia 2020 roku<\/strong>. Decyduj\u0105ca jest data wp\u0142ywu do Organizatora.  <\/p>\n\n\n\n<p>Komisja\nb\u0119dzie ocenia\u0107: oryginalno\u015b\u0107, zgodno\u015b\u0107 z tematem, estetyk\u0119,\nkompozycj\u0119.<\/p>\n\n\n\n<p>Wyniki zostan\u0105 og\u0142oszone <strong>w styczniu 2021 roku<\/strong>, a sami laureaci konkursu zostan\u0105 powiadomieni telefonicznie o sposobie odbioru dyplom\u00f3w i nagr\u00f3d.  <\/p>\n\n\n\n<p>Zwyci\u0119skie\nprace przejd\u0105 na w\u0142asno\u015b\u0107 organizatora. Pozosta\u0142e prace b\u0119dzie\nmo\u017cna odebra\u0107 w dniach 29 do 31 stycznia 2021 roku. W siedzibie\nGCKiR ul. Sportowa 7 w Konopiskach.<\/p>\n\n\n\n<p>Udzia\u0142 w konkursie jest ca\u0142kowicie darmowy.<\/p>\n\n\n\n<div class=\"wp-block-file\"><a href=\"https:\/\/gazetaregionalna.com\/wp-content\/uploads\/2020\/11\/KARTA-ZG\u0141OSZENIA-osoba-ma\u0142oletnia.odt\">KARTA ZG\u0141OSZENIA &#8211; osoba ma\u0142oletnia<\/a><a href=\"https:\/\/gazetaregionalna.com\/wp-content\/uploads\/2020\/11\/KARTA-ZG\u0141OSZENIA-osoba-ma\u0142oletnia.odt\" class=\"wp-block-file__button\" download>Pobierz<\/a><\/div>\n\n\n\n<div class=\"wp-block-file\"><a href=\"https:\/\/gazetaregionalna.com\/wp-content\/uploads\/2020\/11\/KARTA-ZG\u0141OSZENIA-osoba-pe\u0142noletnia.odt\">KARTA ZG\u0141OSZENIA &#8211; osoba pe\u0142noletnia<\/a><a href=\"https:\/\/gazetaregionalna.com\/wp-content\/uploads\/2020\/11\/KARTA-ZG\u0141OSZENIA-osoba-pe\u0142noletnia.odt\" class=\"wp-block-file__button\" download>Pobierz<\/a><\/div>\n\n\n\n<div class=\"wp-block-file\"><a href=\"https:\/\/gazetaregionalna.com\/wp-content\/uploads\/2020\/11\/KARTA-ZG\u0141OSZENIA-praca-zbiorowa.odt\">KARTA ZG\u0141OSZENIA &#8211; praca-zbiorowa<\/a><a href=\"https:\/\/gazetaregionalna.com\/wp-content\/uploads\/2020\/11\/KARTA-ZG\u0141OSZENIA-praca-zbiorowa.odt\" class=\"wp-block-file__button\" download>Pobierz<\/a><\/div>\n\n\n\n<div class=\"wp-block-file\"><a href=\"https:\/\/gazetaregionalna.com\/wp-content\/uploads\/2020\/11\/ANIO\u0141_2020-Regulamin.pdf\">ANIO\u0141 2020 &#8211; Regulamin<\/a><a href=\"https:\/\/gazetaregionalna.com\/wp-content\/uploads\/2020\/11\/ANIO\u0141_2020-Regulamin.pdf\" class=\"wp-block-file__button\" download>Pobierz<\/a><\/div>\n","protected":false},"excerpt":{"rendered":"<p>Gminne Centrum Kultury i Rekreacji w Konopiskach pod patronatem W\u00f3jta Gminy i Starosty Cz\u0119stochowskiego zaprasza mieszka\u0144c\u00f3w Gminy Konopiska do wzi\u0119cia udzia\u0142u w XIX Mi\u0119dzynarodowym<\/p>\n","protected":false},"author":12,"featured_media":25314,"comment_status":"open","ping_status":"open","sticky":false,"template":"","format":"standard","meta":{"_monsterinsights_skip_tracking":false,"_monsterinsights_sitenote_active":false,"_monsterinsights_sitenote_note":"","_monsterinsights_sitenote_category":0,"_uf_show_specific_survey":0,"_uf_disable_surveys":false,"footnotes":""},"categories":[12,94,4,2],"tags":[],"class_list":["post-25306","post","type-post","status-publish","format-standard","has-post-thumbnail","hentry","category-kultura-i-rozrywka","category-polecane","category-region","category-wiadomosci"],"_links":{"self":[{"href":"https:\/\/gazetaregionalna.com\/index.php?rest_route=\/wp\/v2\/posts\/25306","targetHints":{"allow":["GET"]}}],"collection":[{"href":"https:\/\/gazetaregionalna.com\/index.php?rest_route=\/wp\/v2\/posts"}],"about":[{"href":"https:\/\/gazetaregionalna.com\/index.php?rest_route=\/wp\/v2\/types\/post"}],"author":[{"embeddable":true,"href":"https:\/\/gazetaregionalna.com\/index.php?rest_route=\/wp\/v2\/users\/12"}],"replies":[{"embeddable":true,"href":"https:\/\/gazetaregionalna.com\/index.php?rest_route=%2Fwp%2Fv2%2Fcomments&post=25306"}],"version-history":[{"count":3,"href":"https:\/\/gazetaregionalna.com\/index.php?rest_route=\/wp\/v2\/posts\/25306\/revisions"}],"predecessor-version":[{"id":25317,"href":"https:\/\/gazetaregionalna.com\/index.php?rest_route=\/wp\/v2\/posts\/25306\/revisions\/25317"}],"wp:featuredmedia":[{"embeddable":true,"href":"https:\/\/gazetaregionalna.com\/index.php?rest_route=\/wp\/v2\/media\/25314"}],"wp:attachment":[{"href":"https:\/\/gazetaregionalna.com\/index.php?rest_route=%2Fwp%2Fv2%2Fmedia&parent=25306"}],"wp:term":[{"taxonomy":"category","embeddable":true,"href":"https:\/\/gazetaregionalna.com\/index.php?rest_route=%2Fwp%2Fv2%2Fcategories&post=25306"},{"taxonomy":"post_tag","embeddable":true,"href":"https:\/\/gazetaregionalna.com\/index.php?rest_route=%2Fwp%2Fv2%2Ftags&post=25306"}],"curies":[{"name":"wp","href":"https:\/\/api.w.org\/{rel}","templated":true}]}}