{"id":2512,"date":"2019-04-03T13:04:52","date_gmt":"2019-04-03T13:04:52","guid":{"rendered":"http:\/\/gazetaregionalna.com\/?p=2512"},"modified":"2019-04-03T13:04:52","modified_gmt":"2019-04-03T13:04:52","slug":"ukladaja-slowa","status":"publish","type":"post","link":"https:\/\/gazetaregionalna.com\/?p=2512","title":{"rendered":"Uk\u0142adaj\u0105 s\u0142owa"},"content":{"rendered":"<p>Blisko stu uczni\u00f3w radomszcza\u0144skich szk\u00f3\u0142 podstawowych, gimnazj\u00f3w oraz szk\u00f3\u0142 ponadpodstawowych rywalizuje od \u015brody w turnieju w scrabble zorganizowanym przez Miejski O\u015brodek Sportu i Rekreacji.<br \/>\n&#8211; Ch\u0119\u0107 udzia\u0142u w III Mistrzostwach Radomszcza\u0144skich Szk\u00f3\u0142 w Scrabble wyrazi\u0142o w tym roku a\u017c dwustu uczni\u00f3w &#8211; informuje Artur Kwiatkowski, instruktor MSiR-u odpowiedzialny za zawody. &#8211; W grupie tej przeprowadzono eliminacje, a nast\u0119pnie po\u0142owa uczni\u00f3w zakwalifikowana zosta\u0142a do turnieju jako reprezentanci poszczeg\u00f3lnych szk\u00f3\u0142.<br \/>\nMistrzostwa zainaugurowa\u0142a rywalizacja uczni\u00f3w klas IV-VI szk\u00f3\u0142 podstawowych. W kolejnych dniach w mistrzostwach zagrali ich starsi koledzy z klas VII i VIII i gimnazj\u00f3w.\u00a0Dzisiaj, 5 kwietnia, na zako\u0144czenie turnieju\u00a0 swoje umiej\u0119tno\u015bci zaprezentowali przedstawiciele szk\u00f3\u0142 ponadpodstawowych.<\/p>\n<p>Du\u017ca liczba uczestnik\u00f3w zawod\u00f3w pokaza\u0142a, \u017ce ta najpopularniejsza na \u015bwiecie gra s\u0142owna tak\u017ce w Radomsku cieszy si\u0119 ogromnym powodzeniem.<\/p>\n","protected":false},"excerpt":{"rendered":"<p>Blisko stu uczni\u00f3w radomszcza\u0144skich szk\u00f3\u0142 podstawowych, gimnazj\u00f3w oraz szk\u00f3\u0142 ponadpodstawowych rywalizuje od \u015brody w turnieju w scrabble zorganizowanym przez Miejski O\u015brodek Sportu i Rekreacji.<\/p>\n","protected":false},"author":3,"featured_media":2514,"comment_status":"open","ping_status":"closed","sticky":false,"template":"","format":"standard","meta":{"_monsterinsights_skip_tracking":false,"_monsterinsights_sitenote_active":false,"_monsterinsights_sitenote_note":"","_monsterinsights_sitenote_category":0,"_uf_show_specific_survey":0,"_uf_disable_surveys":false,"footnotes":""},"categories":[28],"tags":[],"class_list":["post-2512","post","type-post","status-publish","format-standard","has-post-thumbnail","hentry","category-radomsko"],"_links":{"self":[{"href":"https:\/\/gazetaregionalna.com\/index.php?rest_route=\/wp\/v2\/posts\/2512","targetHints":{"allow":["GET"]}}],"collection":[{"href":"https:\/\/gazetaregionalna.com\/index.php?rest_route=\/wp\/v2\/posts"}],"about":[{"href":"https:\/\/gazetaregionalna.com\/index.php?rest_route=\/wp\/v2\/types\/post"}],"author":[{"embeddable":true,"href":"https:\/\/gazetaregionalna.com\/index.php?rest_route=\/wp\/v2\/users\/3"}],"replies":[{"embeddable":true,"href":"https:\/\/gazetaregionalna.com\/index.php?rest_route=%2Fwp%2Fv2%2Fcomments&post=2512"}],"version-history":[{"count":1,"href":"https:\/\/gazetaregionalna.com\/index.php?rest_route=\/wp\/v2\/posts\/2512\/revisions"}],"predecessor-version":[{"id":2515,"href":"https:\/\/gazetaregionalna.com\/index.php?rest_route=\/wp\/v2\/posts\/2512\/revisions\/2515"}],"wp:featuredmedia":[{"embeddable":true,"href":"https:\/\/gazetaregionalna.com\/index.php?rest_route=\/wp\/v2\/media\/2514"}],"wp:attachment":[{"href":"https:\/\/gazetaregionalna.com\/index.php?rest_route=%2Fwp%2Fv2%2Fmedia&parent=2512"}],"wp:term":[{"taxonomy":"category","embeddable":true,"href":"https:\/\/gazetaregionalna.com\/index.php?rest_route=%2Fwp%2Fv2%2Fcategories&post=2512"},{"taxonomy":"post_tag","embeddable":true,"href":"https:\/\/gazetaregionalna.com\/index.php?rest_route=%2Fwp%2Fv2%2Ftags&post=2512"}],"curies":[{"name":"wp","href":"https:\/\/api.w.org\/{rel}","templated":true}]}}