{"id":25115,"date":"2020-11-02T13:01:17","date_gmt":"2020-11-02T13:01:17","guid":{"rendered":"https:\/\/gazetaregionalna.com\/?p=25115"},"modified":"2020-11-02T13:01:20","modified_gmt":"2020-11-02T13:01:20","slug":"prace-na-wiadukcie","status":"publish","type":"post","link":"https:\/\/gazetaregionalna.com\/?p=25115","title":{"rendered":"Dzi\u015b ruszaj\u0105 prace na wiadukcie w Myszkowie"},"content":{"rendered":"\n<h2 class=\"wp-block-heading\">Dzisiaj <strong>od godziny 17:00<\/strong> zaczynaj\u0105 si\u0119 prace na wiadukcie w Myszkowie. Obiekt zyska now\u0105 nawierzchni\u0119.<\/h2>\n\n\n\n<p>Wykonaniem nawierzchni zajmie si\u0119 firma <strong>PUH \u201eDOMAX\u201d<\/strong>, kt\u00f3ra zapewnia, \u017ce roboty maj\u0105 by\u0107 prowadzone w taki spos\u00f3b i w takich godzinach, by nie utrudnia\u0142y zbytnio kierowcom przemieszczania si\u0119 przez wiadukt.<\/p>\n\n\n\n<p>Zgodnie z zatwierdzon\u0105 organizacj\u0105 ruchu przez Marsza\u0142ka Wojew\u00f3dztwa \u015al\u0105skiego, w czasie budowy b\u0119dzie obowi\u0105zywa\u0142 ruch wahad\u0142owy.<\/p>\n\n\n\n<p>Prace powinny potrwa\u0107 <strong>do 7 listopada 2020 roku<\/strong>.<\/p>\n","protected":false},"excerpt":{"rendered":"<p>Dzisiaj od godziny 17:00 zaczynaj\u0105 si\u0119 prace na wiadukcie w Myszkowie. Obiekt zyska now\u0105 nawierzchni\u0119. Wykonaniem nawierzchni zajmie si\u0119 firma PUH \u201eDOMAX\u201d, kt\u00f3ra zapewnia,<\/p>\n","protected":false},"author":12,"featured_media":25117,"comment_status":"open","ping_status":"open","sticky":false,"template":"","format":"standard","meta":{"_monsterinsights_skip_tracking":false,"_monsterinsights_sitenote_active":false,"_monsterinsights_sitenote_note":"","_monsterinsights_sitenote_category":0,"_uf_show_specific_survey":0,"_uf_disable_surveys":false,"footnotes":""},"categories":[20,18,26,94,2],"tags":[],"class_list":["post-25115","post","type-post","status-publish","format-standard","has-post-thumbnail","hentry","category-budownictwo","category-motoryzacja","category-myszkow","category-polecane","category-wiadomosci"],"_links":{"self":[{"href":"https:\/\/gazetaregionalna.com\/index.php?rest_route=\/wp\/v2\/posts\/25115","targetHints":{"allow":["GET"]}}],"collection":[{"href":"https:\/\/gazetaregionalna.com\/index.php?rest_route=\/wp\/v2\/posts"}],"about":[{"href":"https:\/\/gazetaregionalna.com\/index.php?rest_route=\/wp\/v2\/types\/post"}],"author":[{"embeddable":true,"href":"https:\/\/gazetaregionalna.com\/index.php?rest_route=\/wp\/v2\/users\/12"}],"replies":[{"embeddable":true,"href":"https:\/\/gazetaregionalna.com\/index.php?rest_route=%2Fwp%2Fv2%2Fcomments&post=25115"}],"version-history":[{"count":2,"href":"https:\/\/gazetaregionalna.com\/index.php?rest_route=\/wp\/v2\/posts\/25115\/revisions"}],"predecessor-version":[{"id":25118,"href":"https:\/\/gazetaregionalna.com\/index.php?rest_route=\/wp\/v2\/posts\/25115\/revisions\/25118"}],"wp:featuredmedia":[{"embeddable":true,"href":"https:\/\/gazetaregionalna.com\/index.php?rest_route=\/wp\/v2\/media\/25117"}],"wp:attachment":[{"href":"https:\/\/gazetaregionalna.com\/index.php?rest_route=%2Fwp%2Fv2%2Fmedia&parent=25115"}],"wp:term":[{"taxonomy":"category","embeddable":true,"href":"https:\/\/gazetaregionalna.com\/index.php?rest_route=%2Fwp%2Fv2%2Fcategories&post=25115"},{"taxonomy":"post_tag","embeddable":true,"href":"https:\/\/gazetaregionalna.com\/index.php?rest_route=%2Fwp%2Fv2%2Ftags&post=25115"}],"curies":[{"name":"wp","href":"https:\/\/api.w.org\/{rel}","templated":true}]}}