{"id":25102,"date":"2020-11-02T09:46:47","date_gmt":"2020-11-02T09:46:47","guid":{"rendered":"https:\/\/gazetaregionalna.com\/?p=25102"},"modified":"2020-11-02T09:46:50","modified_gmt":"2020-11-02T09:46:50","slug":"ponad-155-tysiaca-nowych-zakazen-koronawirusem-92-pacjentow-zmarlo","status":"publish","type":"post","link":"https:\/\/gazetaregionalna.com\/2020\/11\/02\/ponad-155-tysiaca-nowych-zakazen-koronawirusem-92-pacjentow-zmarlo\/","title":{"rendered":"Ponad 15,5 tysi\u0105ca nowych zaka\u017ce\u0144 koronawirusem. 92 pacjent\u00f3w zmar\u0142o"},"content":{"rendered":"\n<h2 class=\"wp-block-heading\">Ponad 15,5 tysi\u0105ca nowych zaka\u017ce\u0144 koronawirusem. 92 pacjent\u00f3w zmar\u0142o.<\/h2>\n\n\n\n<p> Tak wygl\u0105daj\u0105 najnowsze dane za ostatni\u0105 dob\u0119 opublikowane przez Ministerstwo Zdrowia. W ca\u0142ym kraju w ci\u0105gu ostatnich 24 godzin stwierdzono dok\u0142adnie 15 578 nowych, potwierdzonych przypadk\u00f3w COVID-19.<\/p>\n\n\n\n<p>Najwi\u0119cej zaka\u017conych przyby\u0142o na Mazowszu \u2013 2218 oraz w Ma\u0142opolsce \u2013 1746. W wojew\u00f3dztwie \u015bl\u0105skim mamy 1362 nowych zaka\u017conych. W pozosta\u0142ych wojew\u00f3dztwach liczby te wygl\u0105daj\u0105 nast\u0119puj\u0105co: kujawsko-pomorskie (1379),  wielkopolskie (1256), \u0142\u00f3dzkie (1180), podkarpackie (1049), lubelskie (1043), pomorskie (967), dolno\u015bl\u0105skie (737), warmi\u0144sko-mazurskie (582), zachodniopomorskie (572), podlaskie (543), opolskie (355), lubuskie (295) oraz \u015bwi\u0119tokrzyskie (294). <\/p>\n\n\n\n<p>Z powodu COVID-19 zmar\u0142o 7 os\u00f3b, natomiast z powodu wsp\u00f3\u0142istnienia COVID-19 z innymi schorzeniami &#8211; 85 pacjent\u00f3w.<\/p>\n","protected":false},"excerpt":{"rendered":"<p>Ponad 15,5 tysi\u0105ca nowych zaka\u017ce\u0144 koronawirusem. 92 pacjent\u00f3w zmar\u0142o. Tak wygl\u0105daj\u0105 najnowsze dane za ostatni\u0105 dob\u0119 opublikowane przez Ministerstwo Zdrowia. W ca\u0142ym kraju w<\/p>\n","protected":false},"author":7,"featured_media":24599,"comment_status":"open","ping_status":"open","sticky":false,"template":"","format":"standard","meta":{"_monsterinsights_skip_tracking":false,"_monsterinsights_sitenote_active":false,"_monsterinsights_sitenote_note":"","_monsterinsights_sitenote_category":0,"_uf_show_specific_survey":0,"_uf_disable_surveys":false,"footnotes":""},"categories":[94,2],"tags":[],"class_list":["post-25102","post","type-post","status-publish","format-standard","has-post-thumbnail","hentry","category-polecane","category-wiadomosci"],"_links":{"self":[{"href":"https:\/\/gazetaregionalna.com\/wp-json\/wp\/v2\/posts\/25102","targetHints":{"allow":["GET"]}}],"collection":[{"href":"https:\/\/gazetaregionalna.com\/wp-json\/wp\/v2\/posts"}],"about":[{"href":"https:\/\/gazetaregionalna.com\/wp-json\/wp\/v2\/types\/post"}],"author":[{"embeddable":true,"href":"https:\/\/gazetaregionalna.com\/wp-json\/wp\/v2\/users\/7"}],"replies":[{"embeddable":true,"href":"https:\/\/gazetaregionalna.com\/wp-json\/wp\/v2\/comments?post=25102"}],"version-history":[{"count":1,"href":"https:\/\/gazetaregionalna.com\/wp-json\/wp\/v2\/posts\/25102\/revisions"}],"predecessor-version":[{"id":25103,"href":"https:\/\/gazetaregionalna.com\/wp-json\/wp\/v2\/posts\/25102\/revisions\/25103"}],"wp:featuredmedia":[{"embeddable":true,"href":"https:\/\/gazetaregionalna.com\/wp-json\/wp\/v2\/media\/24599"}],"wp:attachment":[{"href":"https:\/\/gazetaregionalna.com\/wp-json\/wp\/v2\/media?parent=25102"}],"wp:term":[{"taxonomy":"category","embeddable":true,"href":"https:\/\/gazetaregionalna.com\/wp-json\/wp\/v2\/categories?post=25102"},{"taxonomy":"post_tag","embeddable":true,"href":"https:\/\/gazetaregionalna.com\/wp-json\/wp\/v2\/tags?post=25102"}],"curies":[{"name":"wp","href":"https:\/\/api.w.org\/{rel}","templated":true}]}}