{"id":2510,"date":"2019-04-03T09:15:22","date_gmt":"2019-04-03T09:15:22","guid":{"rendered":"http:\/\/gazetaregionalna.com\/?p=2510"},"modified":"2019-04-08T08:36:41","modified_gmt":"2019-04-08T08:36:41","slug":"cieplo-w-gore","status":"publish","type":"post","link":"https:\/\/gazetaregionalna.com\/?p=2510","title":{"rendered":"Ciep\u0142o w g\u00f3r\u0119"},"content":{"rendered":"<p>Ponad 6 procent wzrosn\u0105 od 15 kwietnia stawki op\u0142at zwi\u0105zane z dostarczaniem ciep\u0142a do indywidualnych odbiorc\u00f3w.<br \/>\nInformacj\u0119 tak\u0105 przekaza\u0142o radomszczanom Przedsi\u0119biorstwo Gospodarki Komunalnej.<br \/>\nPGK w Radomsku zawiadamia, \u017ce ceny wzrosn\u0105 w zwi\u0105zku z decyzj\u0105 Prezesa Urz\u0119du Regulacji Energetyki z 22 marca dotycz\u0105c\u0105 zmiany stawki na XVIII taryf\u0119 dla ciep\u0142a. \u015aredni wzrost cen i stawek op\u0142at dla odbiorc\u00f3w, kt\u00f3rzy korzystaj\u0105 z ciep\u0142a wytwarzanego w Kot\u0142owni Rejonowej przy ul. Prymasa Wyszy\u0144skiego 151 wyniesie 6,22%. Zmiana, jak t\u0142umaczy PGK, podyktowana jest wzrostem koszt\u00f3w zakupu uprawnie\u0144 do emisji dwutlenku w\u0119gla.<\/p>\n","protected":false},"excerpt":{"rendered":"<p>Ponad 6 procent wzrosn\u0105 od 15 kwietnia stawki op\u0142at zwi\u0105zane z dostarczaniem ciep\u0142a do indywidualnych odbiorc\u00f3w. Informacj\u0119 tak\u0105 przekaza\u0142o radomszczanom Przedsi\u0119biorstwo Gospodarki Komunalnej. PGK<\/p>\n","protected":false},"author":3,"featured_media":2533,"comment_status":"open","ping_status":"closed","sticky":false,"template":"","format":"standard","meta":{"_monsterinsights_skip_tracking":false,"_monsterinsights_sitenote_active":false,"_monsterinsights_sitenote_note":"","_monsterinsights_sitenote_category":0,"_uf_show_specific_survey":0,"_uf_disable_surveys":false,"footnotes":""},"categories":[28],"tags":[],"class_list":["post-2510","post","type-post","status-publish","format-standard","has-post-thumbnail","hentry","category-radomsko"],"_links":{"self":[{"href":"https:\/\/gazetaregionalna.com\/index.php?rest_route=\/wp\/v2\/posts\/2510","targetHints":{"allow":["GET"]}}],"collection":[{"href":"https:\/\/gazetaregionalna.com\/index.php?rest_route=\/wp\/v2\/posts"}],"about":[{"href":"https:\/\/gazetaregionalna.com\/index.php?rest_route=\/wp\/v2\/types\/post"}],"author":[{"embeddable":true,"href":"https:\/\/gazetaregionalna.com\/index.php?rest_route=\/wp\/v2\/users\/3"}],"replies":[{"embeddable":true,"href":"https:\/\/gazetaregionalna.com\/index.php?rest_route=%2Fwp%2Fv2%2Fcomments&post=2510"}],"version-history":[{"count":1,"href":"https:\/\/gazetaregionalna.com\/index.php?rest_route=\/wp\/v2\/posts\/2510\/revisions"}],"predecessor-version":[{"id":2511,"href":"https:\/\/gazetaregionalna.com\/index.php?rest_route=\/wp\/v2\/posts\/2510\/revisions\/2511"}],"wp:featuredmedia":[{"embeddable":true,"href":"https:\/\/gazetaregionalna.com\/index.php?rest_route=\/wp\/v2\/media\/2533"}],"wp:attachment":[{"href":"https:\/\/gazetaregionalna.com\/index.php?rest_route=%2Fwp%2Fv2%2Fmedia&parent=2510"}],"wp:term":[{"taxonomy":"category","embeddable":true,"href":"https:\/\/gazetaregionalna.com\/index.php?rest_route=%2Fwp%2Fv2%2Fcategories&post=2510"},{"taxonomy":"post_tag","embeddable":true,"href":"https:\/\/gazetaregionalna.com\/index.php?rest_route=%2Fwp%2Fv2%2Ftags&post=2510"}],"curies":[{"name":"wp","href":"https:\/\/api.w.org\/{rel}","templated":true}]}}