{"id":25088,"date":"2020-11-02T08:42:18","date_gmt":"2020-11-02T08:42:18","guid":{"rendered":"https:\/\/gazetaregionalna.com\/?p=25088"},"modified":"2020-11-02T08:43:18","modified_gmt":"2020-11-02T08:43:18","slug":"skuteczne-zatrzymanie","status":"publish","type":"post","link":"https:\/\/gazetaregionalna.com\/?p=25088","title":{"rendered":"Kolejne skuteczne zatrzymanie poszukiwanego listem go\u0144czym"},"content":{"rendered":"\n<h2 class=\"wp-block-heading\">Funkcjonariusze\nz I Komisariatu w Cz\u0119stochowie odnotowali kolejne skuteczne\nzatrzymanie poszukiwanego listem go\u0144czym, kt\u00f3ry ukrywa\u0142 si\u0119 przez\n20 lat. Do zatrzymania dosz\u0142o w\njednym z mieszka\u0144 w\nBia\u0142ogardzie, wojew\u00f3dztwo zachodniopomorskie. \n<\/h2>\n\n\n\n<p>49-letni m\u0119\u017cczyzna skutecznie ukrywa\u0142 si\u0119 przez 20 lat. Za poszukiwanym wydano trzy listy go\u0144cze. Organy \u015bcigania poszukiwa\u0142y m\u0119\u017cczyzny od 1999 roku za m.in. kradzie\u017ce i oszustwa, kt\u00f3rych si\u0119 dopu\u015bci\u0142.  <\/p>\n\n\n\n<p>Na\npodstawie analizy zgromadzonych w tej sprawie informacji, operacyjni\nz cz\u0119stochowskiej komendy wpadli na trop 49-latka, ustalili gdzie\nmieszka, a nast\u0119pnie zatrzymali w jednym z mieszka\u0144 w Bia\u0142ogardzie\nw wojew\u00f3dztwie zachodniopomorskim. Najbli\u017csze miesi\u0105ce sp\u0119dzi\nteraz w areszcie.<\/p>\n\n\n\n<p>\nDzi\u0119ki\ndeterminacji policjant\u00f3w, kt\u00f3rzy poszukuj\u0105 ukrywaj\u0105cych si\u0119\nprzest\u0119pc\u00f3w, lista \u015bciganych listem go\u0144czym jest coraz mniejsza.<\/p>\n","protected":false},"excerpt":{"rendered":"<p>Funkcjonariusze z I Komisariatu w Cz\u0119stochowie odnotowali kolejne skuteczne zatrzymanie poszukiwanego listem go\u0144czym, kt\u00f3ry ukrywa\u0142 si\u0119 przez 20 lat. Do zatrzymania dosz\u0142o w jednym<\/p>\n","protected":false},"author":12,"featured_media":0,"comment_status":"open","ping_status":"open","sticky":false,"template":"","format":"standard","meta":{"_monsterinsights_skip_tracking":false,"_monsterinsights_sitenote_active":false,"_monsterinsights_sitenote_note":"","_monsterinsights_sitenote_category":0,"_uf_show_specific_survey":0,"_uf_disable_surveys":false,"footnotes":""},"categories":[44,3,94,2],"tags":[],"class_list":["post-25088","post","type-post","status-publish","format-standard","hentry","category-bezpieczenstwo","category-czestochowa-informacje","category-polecane","category-wiadomosci"],"_links":{"self":[{"href":"https:\/\/gazetaregionalna.com\/index.php?rest_route=\/wp\/v2\/posts\/25088","targetHints":{"allow":["GET"]}}],"collection":[{"href":"https:\/\/gazetaregionalna.com\/index.php?rest_route=\/wp\/v2\/posts"}],"about":[{"href":"https:\/\/gazetaregionalna.com\/index.php?rest_route=\/wp\/v2\/types\/post"}],"author":[{"embeddable":true,"href":"https:\/\/gazetaregionalna.com\/index.php?rest_route=\/wp\/v2\/users\/12"}],"replies":[{"embeddable":true,"href":"https:\/\/gazetaregionalna.com\/index.php?rest_route=%2Fwp%2Fv2%2Fcomments&post=25088"}],"version-history":[{"count":2,"href":"https:\/\/gazetaregionalna.com\/index.php?rest_route=\/wp\/v2\/posts\/25088\/revisions"}],"predecessor-version":[{"id":25090,"href":"https:\/\/gazetaregionalna.com\/index.php?rest_route=\/wp\/v2\/posts\/25088\/revisions\/25090"}],"wp:attachment":[{"href":"https:\/\/gazetaregionalna.com\/index.php?rest_route=%2Fwp%2Fv2%2Fmedia&parent=25088"}],"wp:term":[{"taxonomy":"category","embeddable":true,"href":"https:\/\/gazetaregionalna.com\/index.php?rest_route=%2Fwp%2Fv2%2Fcategories&post=25088"},{"taxonomy":"post_tag","embeddable":true,"href":"https:\/\/gazetaregionalna.com\/index.php?rest_route=%2Fwp%2Fv2%2Ftags&post=25088"}],"curies":[{"name":"wp","href":"https:\/\/api.w.org\/{rel}","templated":true}]}}