{"id":25078,"date":"2020-11-02T07:46:37","date_gmt":"2020-11-02T07:46:37","guid":{"rendered":"https:\/\/gazetaregionalna.com\/?p=25078"},"modified":"2020-11-02T07:47:47","modified_gmt":"2020-11-02T07:47:47","slug":"w-czestochowskiej-dzielnicy-polnoc-od-dzisiaj-zmiany-w-kursowaniu-autobusow","status":"publish","type":"post","link":"https:\/\/gazetaregionalna.com\/?p=25078","title":{"rendered":"W cz\u0119stochowskiej dzielnicy P\u00f3\u0142noc od dzisiaj zmiany w kursowaniu autobus\u00f3w"},"content":{"rendered":"\n<p>W cz\u0119stochowskiej dzielnicy P\u00f3\u0142noc od dzisiaj zmiany w kursowaniu autobus\u00f3w. <\/p>\n\n\n\n<p>Korekta tras komunikacji miejskiej zwi\u0105zana jest z kolejnym etapem przebudowy skrzy\u017cowania ul. Brata Alberta z ul. Makuszy\u0144skiego.<\/p>\n\n\n\n<p>Od dzisiaj do 13 listopada w\u0142\u0105cznie w obr\u0119bie tego skrzy\u017cowania nie b\u0119d\u0105 kursowa\u0107 miejskie autobusy.<\/p>\n","protected":false},"excerpt":{"rendered":"<p>W cz\u0119stochowskiej dzielnicy P\u00f3\u0142noc od dzisiaj zmiany w kursowaniu autobus\u00f3w. Korekta tras komunikacji miejskiej zwi\u0105zana jest z kolejnym etapem przebudowy skrzy\u017cowania ul. Brata Alberta<\/p>\n","protected":false},"author":7,"featured_media":25080,"comment_status":"open","ping_status":"open","sticky":false,"template":"","format":"standard","meta":{"_monsterinsights_skip_tracking":false,"_monsterinsights_sitenote_active":false,"_monsterinsights_sitenote_note":"","_monsterinsights_sitenote_category":0,"_uf_show_specific_survey":0,"_uf_disable_surveys":false,"footnotes":""},"categories":[94,3,2],"tags":[],"class_list":["post-25078","post","type-post","status-publish","format-standard","has-post-thumbnail","hentry","category-polecane","category-czestochowa-informacje","category-wiadomosci"],"_links":{"self":[{"href":"https:\/\/gazetaregionalna.com\/index.php?rest_route=\/wp\/v2\/posts\/25078","targetHints":{"allow":["GET"]}}],"collection":[{"href":"https:\/\/gazetaregionalna.com\/index.php?rest_route=\/wp\/v2\/posts"}],"about":[{"href":"https:\/\/gazetaregionalna.com\/index.php?rest_route=\/wp\/v2\/types\/post"}],"author":[{"embeddable":true,"href":"https:\/\/gazetaregionalna.com\/index.php?rest_route=\/wp\/v2\/users\/7"}],"replies":[{"embeddable":true,"href":"https:\/\/gazetaregionalna.com\/index.php?rest_route=%2Fwp%2Fv2%2Fcomments&post=25078"}],"version-history":[{"count":2,"href":"https:\/\/gazetaregionalna.com\/index.php?rest_route=\/wp\/v2\/posts\/25078\/revisions"}],"predecessor-version":[{"id":25081,"href":"https:\/\/gazetaregionalna.com\/index.php?rest_route=\/wp\/v2\/posts\/25078\/revisions\/25081"}],"wp:featuredmedia":[{"embeddable":true,"href":"https:\/\/gazetaregionalna.com\/index.php?rest_route=\/wp\/v2\/media\/25080"}],"wp:attachment":[{"href":"https:\/\/gazetaregionalna.com\/index.php?rest_route=%2Fwp%2Fv2%2Fmedia&parent=25078"}],"wp:term":[{"taxonomy":"category","embeddable":true,"href":"https:\/\/gazetaregionalna.com\/index.php?rest_route=%2Fwp%2Fv2%2Fcategories&post=25078"},{"taxonomy":"post_tag","embeddable":true,"href":"https:\/\/gazetaregionalna.com\/index.php?rest_route=%2Fwp%2Fv2%2Ftags&post=25078"}],"curies":[{"name":"wp","href":"https:\/\/api.w.org\/{rel}","templated":true}]}}