{"id":25063,"date":"2020-11-01T20:15:29","date_gmt":"2020-11-01T20:15:29","guid":{"rendered":"https:\/\/gazetaregionalna.com\/?p=25063"},"modified":"2020-11-01T20:15:32","modified_gmt":"2020-11-01T20:15:32","slug":"przedpelski","status":"publish","type":"post","link":"https:\/\/gazetaregionalna.com\/?p=25063","title":{"rendered":"\u017bu\u017clowiec Pawe\u0142 Przedpe\u0142ski oficjalnie po\u017cegna\u0142 si\u0119 z W\u0142\u00f3kniarzem i kibicami"},"content":{"rendered":"\n<p>Rozpocz\u0119\u0142o si\u0119 oficjalne okienko transferowe w polskim \u017cu\u017clu. <strong>Pawe\u0142 Przedpe\u0142ski<\/strong> po dw\u00f3ch latach jazdy we W\u0142\u00f3kniarzu 1 listopada poinformowa\u0142, \u017ce \u017cegna si\u0119 z klubem. &#8211; Po dw\u00f3ch latach sp\u0119dzonych w Cz\u0119stochowie nadszed\u0142 czas rozstania \u2013 napisa\u0142 <strong>Przedpe\u0142ski<\/strong> w swoich mediach spo\u0142eczno\u015bciowych.  <\/p>\n\n\n\n<p><strong>Przedpe\u0142ski <\/strong>reprezentowa\u0142 barwy W\u0142\u00f3kniarza w 2019 i 2020 roku. Przez dwa lata zyska\u0142 sobie sympati\u0119 kibic\u00f3w. W kilku spotkaniach zaprezentowa\u0142 si\u0119 z bardzo dobrej strony i oci\u0105ga\u0142 dwucyfrowe wyniki. &#8211; Rozstajemy si\u0119 w zgodzie i wzajemny szacunku \u2013 napisa\u0142 <strong>Przedpe\u0142ski<\/strong>. &#8211; Chcia\u0142bym podkre\u015bli\u0107, \u017ce Cz\u0119stochowa by\u0142a dla mnie domem przez ostanie dwa sezony. Chc\u0119 podzi\u0119kowa\u0107 Kibicom, Prezesowi, Trenerowi, ca\u0142emu zarz\u0105dowi za wiar\u0119 we mnie, za szans\u0119 rozwoju, wsparcie i niesamowit\u0105 atmosfer\u0119. Jestem bardzo wdzi\u0119czny i bardzo doceniam, \u017ce mia\u0142em szans\u0119 reprezentowa\u0107 ten klub.<\/p>\n\n\n\n<p><strong>Przedpe\u0142ski<\/strong> w sezonie 2021 b\u0119dzie reprezentowa\u0142 beniaminka z Torunia.  <\/p>\n\n\n\n<p>W najbli\u017cszych dniach o swoich transferach z pewno\u015bci\u0105 oficjalnie poinformuj\u0105 dzia\u0142acze W\u0142\u00f3kniarza.  <\/p>\n\n\n\n<p>Foto: Gazeta Regionalna <\/p>\n","protected":false},"excerpt":{"rendered":"<p>Rozpocz\u0119\u0142o si\u0119 oficjalne okienko transferowe w polskim \u017cu\u017clu. Pawe\u0142 Przedpe\u0142ski po dw\u00f3ch latach jazdy we W\u0142\u00f3kniarzu 1 listopada poinformowa\u0142, \u017ce \u017cegna si\u0119 z klubem.<\/p>\n","protected":false},"author":15,"featured_media":16090,"comment_status":"open","ping_status":"open","sticky":false,"template":"","format":"standard","meta":{"_monsterinsights_skip_tracking":false,"_monsterinsights_sitenote_active":false,"_monsterinsights_sitenote_note":"","_monsterinsights_sitenote_category":0,"_uf_show_specific_survey":0,"_uf_disable_surveys":false,"footnotes":""},"categories":[5,7],"tags":[],"class_list":["post-25063","post","type-post","status-publish","format-standard","has-post-thumbnail","hentry","category-sport","category-zuzel"],"_links":{"self":[{"href":"https:\/\/gazetaregionalna.com\/index.php?rest_route=\/wp\/v2\/posts\/25063","targetHints":{"allow":["GET"]}}],"collection":[{"href":"https:\/\/gazetaregionalna.com\/index.php?rest_route=\/wp\/v2\/posts"}],"about":[{"href":"https:\/\/gazetaregionalna.com\/index.php?rest_route=\/wp\/v2\/types\/post"}],"author":[{"embeddable":true,"href":"https:\/\/gazetaregionalna.com\/index.php?rest_route=\/wp\/v2\/users\/15"}],"replies":[{"embeddable":true,"href":"https:\/\/gazetaregionalna.com\/index.php?rest_route=%2Fwp%2Fv2%2Fcomments&post=25063"}],"version-history":[{"count":1,"href":"https:\/\/gazetaregionalna.com\/index.php?rest_route=\/wp\/v2\/posts\/25063\/revisions"}],"predecessor-version":[{"id":25064,"href":"https:\/\/gazetaregionalna.com\/index.php?rest_route=\/wp\/v2\/posts\/25063\/revisions\/25064"}],"wp:featuredmedia":[{"embeddable":true,"href":"https:\/\/gazetaregionalna.com\/index.php?rest_route=\/wp\/v2\/media\/16090"}],"wp:attachment":[{"href":"https:\/\/gazetaregionalna.com\/index.php?rest_route=%2Fwp%2Fv2%2Fmedia&parent=25063"}],"wp:term":[{"taxonomy":"category","embeddable":true,"href":"https:\/\/gazetaregionalna.com\/index.php?rest_route=%2Fwp%2Fv2%2Fcategories&post=25063"},{"taxonomy":"post_tag","embeddable":true,"href":"https:\/\/gazetaregionalna.com\/index.php?rest_route=%2Fwp%2Fv2%2Ftags&post=25063"}],"curies":[{"name":"wp","href":"https:\/\/api.w.org\/{rel}","templated":true}]}}