{"id":25024,"date":"2020-11-01T07:00:00","date_gmt":"2020-11-01T07:00:00","guid":{"rendered":"https:\/\/gazetaregionalna.com\/?p=25024"},"modified":"2020-10-31T23:20:43","modified_gmt":"2020-10-31T23:20:43","slug":"z-burmistrzem-dla-lublinca","status":"publish","type":"post","link":"https:\/\/gazetaregionalna.com\/?p=25024","title":{"rendered":"W Lubli\u0144cu nawo\u0142uj\u0105 do wzi\u0119cia udzia\u0142u w akcji \u201eZ Burmistrzem dla Lubli\u0144ca\u201d"},"content":{"rendered":"\n<h2 class=\"wp-block-heading\">Klub Radnych z Lubli\u0144ca zach\u0119ca do wzi\u0119cia udzia\u0142u w ich akcji <strong>\u201eZ Burmistrzem dla Lubli\u0144ca\u201d<\/strong>, kt\u00f3ra ma na celu pom\u00f3c lublinieckim ogrodnikom.  <\/h2>\n\n\n\n<figure class=\"wp-block-image size-large\"><img decoding=\"async\" width=\"1024\" height=\"236\" data-src=\"https:\/\/gazetaregionalna.com\/wp-content\/uploads\/2020\/10\/lublinieckie-gospodarstwo-ogrodnicze-2-1024x236.jpg\" alt=\"\" class=\"wp-image-25027 lazyload\" data-srcset=\"https:\/\/gazetaregionalna.com\/wp-content\/uploads\/2020\/10\/lublinieckie-gospodarstwo-ogrodnicze-2-1024x236.jpg 1024w, https:\/\/gazetaregionalna.com\/wp-content\/uploads\/2020\/10\/lublinieckie-gospodarstwo-ogrodnicze-2-300x69.jpg 300w, https:\/\/gazetaregionalna.com\/wp-content\/uploads\/2020\/10\/lublinieckie-gospodarstwo-ogrodnicze-2-768x177.jpg 768w, https:\/\/gazetaregionalna.com\/wp-content\/uploads\/2020\/10\/lublinieckie-gospodarstwo-ogrodnicze-2-1536x353.jpg 1536w, https:\/\/gazetaregionalna.com\/wp-content\/uploads\/2020\/10\/lublinieckie-gospodarstwo-ogrodnicze-2-696x160.jpg 696w, https:\/\/gazetaregionalna.com\/wp-content\/uploads\/2020\/10\/lublinieckie-gospodarstwo-ogrodnicze-2-1068x246.jpg 1068w, https:\/\/gazetaregionalna.com\/wp-content\/uploads\/2020\/10\/lublinieckie-gospodarstwo-ogrodnicze-2.jpg 1200w\" data-sizes=\"(max-width: 1024px) 100vw, 1024px\" src=\"data:image\/svg+xml;base64,PHN2ZyB3aWR0aD0iMSIgaGVpZ2h0PSIxIiB4bWxucz0iaHR0cDovL3d3dy53My5vcmcvMjAwMC9zdmciPjwvc3ZnPg==\" style=\"--smush-placeholder-width: 1024px; --smush-placeholder-aspect-ratio: 1024\/236;\" \/><figcaption>Fot: Czes\u0142awa W\u0142uka<\/figcaption><\/figure>\n\n\n\n<p>Ze wzgl\u0119du na decyzj\u0119 Rz\u0105du, Polscy ogrodnicy znale\u017ali si\u0119 w trudnej sytuacji finansowej. Tak samo lublinieckie gospodarstwa ogrodnicze potrzebuj\u0105 teraz wsparcia i pomocy, by jako\u015b przetrwa\u0107 t\u0105 trudn\u0105 dla nich sytuacj\u0119.<\/p>\n\n\n\n<p>Akcja polega na pomocy poprzez kupno u nich chryzantem, kt\u00f3re przez najbli\u017csze 3 dni mia\u0142y by\u0107 sprzedane przy cmentarzach w ca\u0142ym wojew\u00f3dztwie \u015bl\u0105skim. Mieli, bo w zwi\u0105zku z zamkni\u0119ciem cmentarzy odbiorcy zrezygnowali z zakupu kwiat\u00f3w.<\/p>\n\n\n\n<figure class=\"wp-block-image size-large\"><img decoding=\"async\" width=\"540\" height=\"960\" data-src=\"https:\/\/gazetaregionalna.com\/wp-content\/uploads\/2020\/10\/lublinieckie-gospodarstwo-ogrodnicze-6.jpg\" alt=\"\" class=\"wp-image-25031 lazyload\" data-srcset=\"https:\/\/gazetaregionalna.com\/wp-content\/uploads\/2020\/10\/lublinieckie-gospodarstwo-ogrodnicze-6.jpg 540w, https:\/\/gazetaregionalna.com\/wp-content\/uploads\/2020\/10\/lublinieckie-gospodarstwo-ogrodnicze-6-169x300.jpg 169w, https:\/\/gazetaregionalna.com\/wp-content\/uploads\/2020\/10\/lublinieckie-gospodarstwo-ogrodnicze-6-236x420.jpg 236w\" data-sizes=\"(max-width: 540px) 100vw, 540px\" src=\"data:image\/svg+xml;base64,PHN2ZyB3aWR0aD0iMSIgaGVpZ2h0PSIxIiB4bWxucz0iaHR0cDovL3d3dy53My5vcmcvMjAwMC9zdmciPjwvc3ZnPg==\" style=\"--smush-placeholder-width: 540px; --smush-placeholder-aspect-ratio: 540\/960;\" \/><figcaption>Fot: Czes\u0142awa W\u0142uka<\/figcaption><\/figure>\n\n\n\n<p>Zakupione chryzantemy nie tylko nadaj\u0105 si\u0119 na po\u0142o\u017cenie na nagrobki, ale mog\u0105 tak\u017ce upi\u0119kszy\u0107 przestrze\u0144 miejsk\u0105 czy prywatne posesje.  <\/p>\n\n\n\n<p>Lublinieckie gospodarstwa ogrodnicze, kt\u00f3re licz\u0105 na wsparcie i pomoc to:<\/p>\n\n\n\n<ul class=\"wp-block-list\"><li>Gospodarstwie\n\tOgrodniczym Mzyk Lubliniec ul. Wymy\u015blacz 40;\n\t<\/li><li>Gospodarstwo\n\tOgrodnicze Ewa Romer Lubliniec ul Oleska 74;\n\t<\/li><li>Gospodarstwo\n\tOgrodnicze Mzyk Lubliniec ul. Szafera ;\n\t<\/li><li>Gospodarstwo\n\tOgrodnicze Kulisz Jakub Lubliniec ul. Szafera 7\n<\/li><\/ul>\n\n\n\n<p>[post_gallery]<\/p>\n\n\n\n<p> Fot: Czes\u0142awa W\u0142uka <\/p>\n","protected":false},"excerpt":{"rendered":"<p>Klub Radnych z Lubli\u0144ca zach\u0119ca do wzi\u0119cia udzia\u0142u w ich akcji \u201eZ Burmistrzem dla Lubli\u0144ca\u201d, kt\u00f3ra ma na celu pom\u00f3c lublinieckim ogrodnikom. Ze wzgl\u0119du<\/p>\n","protected":false},"author":12,"featured_media":25026,"comment_status":"open","ping_status":"open","sticky":false,"template":"","format":"standard","meta":{"_monsterinsights_skip_tracking":false,"_monsterinsights_sitenote_active":false,"_monsterinsights_sitenote_note":"","_monsterinsights_sitenote_category":0,"_uf_show_specific_survey":0,"_uf_disable_surveys":false,"footnotes":""},"categories":[94,25,2],"tags":[],"class_list":["post-25024","post","type-post","status-publish","format-standard","has-post-thumbnail","hentry","category-polecane","category-lubliniec","category-wiadomosci"],"_links":{"self":[{"href":"https:\/\/gazetaregionalna.com\/index.php?rest_route=\/wp\/v2\/posts\/25024","targetHints":{"allow":["GET"]}}],"collection":[{"href":"https:\/\/gazetaregionalna.com\/index.php?rest_route=\/wp\/v2\/posts"}],"about":[{"href":"https:\/\/gazetaregionalna.com\/index.php?rest_route=\/wp\/v2\/types\/post"}],"author":[{"embeddable":true,"href":"https:\/\/gazetaregionalna.com\/index.php?rest_route=\/wp\/v2\/users\/12"}],"replies":[{"embeddable":true,"href":"https:\/\/gazetaregionalna.com\/index.php?rest_route=%2Fwp%2Fv2%2Fcomments&post=25024"}],"version-history":[{"count":3,"href":"https:\/\/gazetaregionalna.com\/index.php?rest_route=\/wp\/v2\/posts\/25024\/revisions"}],"predecessor-version":[{"id":25037,"href":"https:\/\/gazetaregionalna.com\/index.php?rest_route=\/wp\/v2\/posts\/25024\/revisions\/25037"}],"wp:featuredmedia":[{"embeddable":true,"href":"https:\/\/gazetaregionalna.com\/index.php?rest_route=\/wp\/v2\/media\/25026"}],"wp:attachment":[{"href":"https:\/\/gazetaregionalna.com\/index.php?rest_route=%2Fwp%2Fv2%2Fmedia&parent=25024"}],"wp:term":[{"taxonomy":"category","embeddable":true,"href":"https:\/\/gazetaregionalna.com\/index.php?rest_route=%2Fwp%2Fv2%2Fcategories&post=25024"},{"taxonomy":"post_tag","embeddable":true,"href":"https:\/\/gazetaregionalna.com\/index.php?rest_route=%2Fwp%2Fv2%2Ftags&post=25024"}],"curies":[{"name":"wp","href":"https:\/\/api.w.org\/{rel}","templated":true}]}}