{"id":24713,"date":"2020-10-29T11:12:54","date_gmt":"2020-10-29T11:12:54","guid":{"rendered":"https:\/\/gazetaregionalna.com\/?p=24713"},"modified":"2020-10-29T11:12:56","modified_gmt":"2020-10-29T11:12:56","slug":"gwalcil-corke-wykorzystywal-seksualnie-jej-nieletnia-kolezanke-teraz-zajmie-sie-nim-czestochowski-sad","status":"publish","type":"post","link":"https:\/\/gazetaregionalna.com\/?p=24713","title":{"rendered":"Gwa\u0142ci\u0142 c\u00f3rk\u0119, wykorzystywa\u0142 seksualnie jej nieletni\u0105 kole\u017cank\u0119, teraz zajmie si\u0119 nim cz\u0119stochowski s\u0105d"},"content":{"rendered":"\n<h2 class=\"wp-block-heading\">Gwa\u0142ci\u0142 c\u00f3rk\u0119, wykorzystywa\u0142 seksualnie jej nieletni\u0105 kole\u017cank\u0119,&nbsp;teraz zajmie si\u0119 nim cz\u0119stochowski s\u0105d<\/h2>\n\n\n\n<p><br>Prokuratura Okr\u0119gowa w Cz\u0119stochowie skierowa\u0142a do S\u0105du Okr\u0119gowego w Cz\u0119stochowie akt oskar\u017cenia przeciwko 42-letniemu Mariuszowi M., dotycz\u0105cy seksualnego wykorzystywania ma\u0142oletniej c\u00f3rki i jej kole\u017canki.<\/p>\n\n\n\n<p><br>Pedofil oskar\u017cony jest o trwaj\u0105ce pi\u0119\u0107 lat gwa\u0142cenie c\u00f3rki, jej bicie, a tak\u017ce wielokrotne wykorzystywanie seksualne nieletniej kole\u017canki swojego dziecka. Sprawa dotyczy mieszka\u0144c\u00f3w Szczekocin. Jak poinformowa\u0142 rzecznik prasowy Prokuratury Okr\u0119gowej w Cz\u0119stochowie, prokurator Tomasz Ozimek, w lutym tego roku pedagog jednej ze szk\u00f3\u0142 w Szczekocinach zawiadomi\u0142a organy \u015bcigania, \u017ce uzyska\u0142a od 11-letniej uczennicy informacj\u0119, i\u017c od wielu lat jest gwa\u0142cona przez ojca. Dziewczynka o\u015bwiadczy\u0142a tak\u017ce, \u017ce ojciec wykorzysta\u0142 seksualnie tak\u017ce jej 13-letni\u0105 kole\u017cank\u0119. 13-latka wyzna\u0142a to samo w rozmowie z inn\u0105 pedagog szko\u0142y.<\/p>\n\n\n\n<p>&#8211;<em>W toku dalszego \u015bledztwa, na wniosek prokuratora, przes\u0142uchano w S\u0105dzie Rejonowym w Myszkowie ma\u0142oletnie pokrzywdzone z udzia\u0142em bieg\u0142ego psychologa<\/em> \u2013 informuje rzecznik prasowy PO. &#8211; <em>W wydanych opiniach bieg\u0142y stwierdzi\u0142, \u017ce zeznania dziewczynek s\u0105 szczere i pozbawione sk\u0142onno\u015bci do konfabulacji.<\/em><\/p>\n\n\n\n<p><br>W trakcie dochodzenia ustalono, \u017ce w okresie od 2015 do 2020 roku Mariusz M., wykorzystuj\u0105c nieobecno\u015b\u0107 innych os\u00f3b w domu, wielokrotnie doprowadzi\u0142 c\u00f3rk\u0119 do obcowania p\u0142ciowego, stosuj\u0105c przemoc polegaj\u0105c\u0105 na biciu i szarpaniu za w\u0142osy.<br>Prowadz\u0105cy spraw\u0119 stwierdzili ponadto, \u017ce m\u0119\u017cczyzna pomi\u0119dzy 2016 a 2017 rokiem, u\u017cywaj\u0105c przemocy w postaci bicia, doprowadzi\u0142 do obcowania p\u0142ciowego tak\u017ce kole\u017cank\u0119 c\u00f3rki, kt\u00f3ra nocowa\u0142a u nich w domu.<\/p>\n\n\n\n<p><br>&#8211; <em>\u015aledztwo wykaza\u0142o, \u017ce Mariusz M. przez wiele lat grozi\u0142 c\u00f3rce, \u017ce zabije j\u0105 i jej matk\u0119, je\u017celi zawiadomi kogo\u015b o pope\u0142nianych przez niego przest\u0119pstwach seksualnych <\/em>\u2013 przekaza\u0142 w komunikacie prokurator Tomasz Ozimek. &#8211; <em>Ponadto ustalono, \u017ce oskar\u017cony zn\u0119ca\u0142 si\u0119 nad c\u00f3rk\u0105 i \u017con\u0105, bij\u0105c je, kopi\u0105c i wyzywaj\u0105c wulgarnymi s\u0142owami.<\/em><\/p>\n\n\n\n<p><br>Mariusz M. przyzna\u0142 si\u0119 do cz\u0119\u015bci stawianych mu zarzut\u00f3w. M\u0119\u017cczyzn\u0119 poddano badaniom lekarskim. Wed\u0142ug opinii bieg\u0142ych lekarzy psychiatr\u00f3w stwierdzono, \u017ce w chwili pope\u0142niania tych wszystkich karalnych czyn\u00f3w by\u0142 w pe\u0142ni poczytalny.<\/p>\n\n\n\n<p><br>Na wniosek prokuratora S\u0105d Rejonowy w Myszkowie zastosowa\u0142 wobec podejrzanego \u015brodek zapobiegawczy w postaci tymczasowego aresztowania.<\/p>\n\n\n\n<p><br>Jak informuje cz\u0119stochowska prokuratura, przest\u0119pstwo zgwa\u0142cenia ma\u0142oletniego w wieku poni\u017cej 15 lat jest zagro\u017cone kar\u0105 pozbawienia wolno\u015bci od 3 do 15 lat, a przest\u0119pstwo wywierania gro\u017ab\u0105 wp\u0142ywu na \u015bwiadka i przest\u0119pstwo zn\u0119cania si\u0119 nad\u00a0osob\u0105\u00a0najbli\u017csz\u0105 kar\u0105 od 3 miesi\u0119cy do 5 lat pozbawienia wolno\u015bci.<\/p>\n\n\n\n<p>(Zdj\u0119cie ilustracyjne pixabay)<br><br><br> <\/p>\n","protected":false},"excerpt":{"rendered":"<p>Gwa\u0142ci\u0142 c\u00f3rk\u0119, wykorzystywa\u0142 seksualnie jej nieletni\u0105 kole\u017cank\u0119,&nbsp;teraz zajmie si\u0119 nim cz\u0119stochowski s\u0105d Prokuratura Okr\u0119gowa w Cz\u0119stochowie skierowa\u0142a do S\u0105du Okr\u0119gowego w Cz\u0119stochowie akt oskar\u017cenia<\/p>\n","protected":false},"author":7,"featured_media":24717,"comment_status":"open","ping_status":"open","sticky":false,"template":"","format":"standard","meta":{"_monsterinsights_skip_tracking":false,"_monsterinsights_sitenote_active":false,"_monsterinsights_sitenote_note":"","_monsterinsights_sitenote_category":0,"_uf_show_specific_survey":0,"_uf_disable_surveys":false,"footnotes":""},"categories":[94,3,4,2],"tags":[],"class_list":["post-24713","post","type-post","status-publish","format-standard","has-post-thumbnail","hentry","category-polecane","category-czestochowa-informacje","category-region","category-wiadomosci"],"_links":{"self":[{"href":"https:\/\/gazetaregionalna.com\/index.php?rest_route=\/wp\/v2\/posts\/24713","targetHints":{"allow":["GET"]}}],"collection":[{"href":"https:\/\/gazetaregionalna.com\/index.php?rest_route=\/wp\/v2\/posts"}],"about":[{"href":"https:\/\/gazetaregionalna.com\/index.php?rest_route=\/wp\/v2\/types\/post"}],"author":[{"embeddable":true,"href":"https:\/\/gazetaregionalna.com\/index.php?rest_route=\/wp\/v2\/users\/7"}],"replies":[{"embeddable":true,"href":"https:\/\/gazetaregionalna.com\/index.php?rest_route=%2Fwp%2Fv2%2Fcomments&post=24713"}],"version-history":[{"count":4,"href":"https:\/\/gazetaregionalna.com\/index.php?rest_route=\/wp\/v2\/posts\/24713\/revisions"}],"predecessor-version":[{"id":24718,"href":"https:\/\/gazetaregionalna.com\/index.php?rest_route=\/wp\/v2\/posts\/24713\/revisions\/24718"}],"wp:featuredmedia":[{"embeddable":true,"href":"https:\/\/gazetaregionalna.com\/index.php?rest_route=\/wp\/v2\/media\/24717"}],"wp:attachment":[{"href":"https:\/\/gazetaregionalna.com\/index.php?rest_route=%2Fwp%2Fv2%2Fmedia&parent=24713"}],"wp:term":[{"taxonomy":"category","embeddable":true,"href":"https:\/\/gazetaregionalna.com\/index.php?rest_route=%2Fwp%2Fv2%2Fcategories&post=24713"},{"taxonomy":"post_tag","embeddable":true,"href":"https:\/\/gazetaregionalna.com\/index.php?rest_route=%2Fwp%2Fv2%2Ftags&post=24713"}],"curies":[{"name":"wp","href":"https:\/\/api.w.org\/{rel}","templated":true}]}}