{"id":24706,"date":"2020-10-29T10:18:15","date_gmt":"2020-10-29T10:18:15","guid":{"rendered":"https:\/\/gazetaregionalna.com\/?p=24706"},"modified":"2020-10-29T10:18:18","modified_gmt":"2020-10-29T10:18:18","slug":"lubliniecka-policja-zatrzymala-trzech-kierowcow-ktorzy-bedac-pod-wplywem-narkotykow-prowadzili-samochody","status":"publish","type":"post","link":"https:\/\/gazetaregionalna.com\/?p=24706","title":{"rendered":"Lubliniecka policja zatrzyma\u0142a trzech kierowc\u00f3w, kt\u00f3rzy b\u0119d\u0105c pod wp\u0142ywem narkotyk\u00f3w prowadzili samochody"},"content":{"rendered":"\n<h2 class=\"wp-block-heading\">Lubliniecka policja zatrzyma\u0142a trzech kierowc\u00f3w, kt\u00f3rzy b\u0119d\u0105c pod wp\u0142ywem narkotyk\u00f3w prowadzili samochody. <\/h2>\n\n\n\n<p>Ca\u0142a tr\u00f3jka zosta\u0142a ujawniona w trakcie patroli policji w Lubli\u0144cu.<br>Funkcjonariusze Wydzia\u0142u Prewencji Komendy Powiatowej Policji w Lubli\u0144cu prowadzili przez dwa dni, 27 i 28 pa\u017adziernika patrole na terenie miasta.<br><br>W trakcie tej akcji zatrzymali trzech kieruj\u0105cych, kt\u00f3rzy wsiedli za kierownic\u0119 swoich samochod\u00f3w po u\u017cyciu \u015brodk\u00f3w odurzaj\u0105cych. Pierwszy z kierowc\u00f3w zosta\u0142 zatrzymany do kontroli we wtorek, oko\u0142o godziny 17 na ulicy Grunwaldzkiej. Policji wyda\u0142 si\u0119 podejrzany dziwny styl jazdy samochodu osobowego BMW.<br>Wst\u0119pne badanie stanu trze\u017awo\u015bci nie wykaza\u0142o, by siedz\u0105cy za kierownic\u0105 41-latek znajdowa\u0142 si\u0119 pod wp\u0142ywem alkoholu. W tej\u00a0sytuacji policjanci przeprowadzili test na zawarto\u015b\u0107 \u015brodk\u00f3w odurzaj\u0105cych w jego \u015blinie. Po kilku minutach narkotest potwierdzi\u0142 wcze\u015bniejsze podejrzenia funkcjonariuszy. Okaza\u0142o si\u0119, \u017ce kontrolowany kierowca znajduje si\u0119 pod wp\u0142ywem \u015brodka odurzaj\u0105cego. Zgodnie z procedur\u0105 od m\u0119\u017cczyzny zosta\u0142a r\u00f3wnie\u017c pobrana krew do bada\u0144. W trakcie kontroli okaza\u0142o si\u0119, \u017ce kontrolowany nie posiada\u0142 uprawnie\u0144 do kierowania pojazdem, kt\u00f3rym si\u0119 porusza\u0142, a pojazd nie posiada\u0142 aktualnej polisy ubezpieczeniowej.<\/p>\n\n\n\n<p><br>W tym samym dniu, oko\u0142o godziny 20, tym razem na ulicy Plebiscytowej zatrzymano do kontroli kierowc\u0119 fiata. 22-letni mieszkaniec powiatu lublinieckiego r\u00f3wnie\u017c, jak wykaza\u0142 narkotest, prowadzi\u0142 auto pod wp\u0142ywem \u015brodk\u00f3w odurzaj\u0105cych.<\/p>\n\n\n\n<p><br>Nast\u0119pnego dnia, na ulicy Soko\u0142a badaniu na obecno\u015b\u0107 narkotyk\u00f3w poddany zosta\u0142 29-letni kierowca innego fiata.<br>Jak informuje lubliniecka policja, tak\u017ce w tym przypadku badanie\u00a0narkotestem\u00a0potwierdzi\u0142o, i\u017c m\u0119\u017cczyzna prowadzi\u0142 sw\u00f3j pojazd, znajduj\u0105c si\u0119 pod wp\u0142ywem zabronionych \u015brodk\u00f3w. Teraz o dalszym losem wszystkich nieodpowiedzialnych kieruj\u0105cych zadecyduje s\u0105d. Grozi im kara do 2 lat pozbawienia wolno\u015bci. <\/p>\n","protected":false},"excerpt":{"rendered":"<p>Lubliniecka policja zatrzyma\u0142a trzech kierowc\u00f3w, kt\u00f3rzy b\u0119d\u0105c pod wp\u0142ywem narkotyk\u00f3w prowadzili samochody. Ca\u0142a tr\u00f3jka zosta\u0142a ujawniona w trakcie patroli policji w Lubli\u0144cu.Funkcjonariusze Wydzia\u0142u Prewencji<\/p>\n","protected":false},"author":7,"featured_media":24708,"comment_status":"open","ping_status":"open","sticky":false,"template":"","format":"standard","meta":{"_monsterinsights_skip_tracking":false,"_monsterinsights_sitenote_active":false,"_monsterinsights_sitenote_note":"","_monsterinsights_sitenote_category":0,"_uf_show_specific_survey":0,"_uf_disable_surveys":false,"footnotes":""},"categories":[94,25,2],"tags":[],"class_list":["post-24706","post","type-post","status-publish","format-standard","has-post-thumbnail","hentry","category-polecane","category-lubliniec","category-wiadomosci"],"_links":{"self":[{"href":"https:\/\/gazetaregionalna.com\/index.php?rest_route=\/wp\/v2\/posts\/24706","targetHints":{"allow":["GET"]}}],"collection":[{"href":"https:\/\/gazetaregionalna.com\/index.php?rest_route=\/wp\/v2\/posts"}],"about":[{"href":"https:\/\/gazetaregionalna.com\/index.php?rest_route=\/wp\/v2\/types\/post"}],"author":[{"embeddable":true,"href":"https:\/\/gazetaregionalna.com\/index.php?rest_route=\/wp\/v2\/users\/7"}],"replies":[{"embeddable":true,"href":"https:\/\/gazetaregionalna.com\/index.php?rest_route=%2Fwp%2Fv2%2Fcomments&post=24706"}],"version-history":[{"count":1,"href":"https:\/\/gazetaregionalna.com\/index.php?rest_route=\/wp\/v2\/posts\/24706\/revisions"}],"predecessor-version":[{"id":24707,"href":"https:\/\/gazetaregionalna.com\/index.php?rest_route=\/wp\/v2\/posts\/24706\/revisions\/24707"}],"wp:featuredmedia":[{"embeddable":true,"href":"https:\/\/gazetaregionalna.com\/index.php?rest_route=\/wp\/v2\/media\/24708"}],"wp:attachment":[{"href":"https:\/\/gazetaregionalna.com\/index.php?rest_route=%2Fwp%2Fv2%2Fmedia&parent=24706"}],"wp:term":[{"taxonomy":"category","embeddable":true,"href":"https:\/\/gazetaregionalna.com\/index.php?rest_route=%2Fwp%2Fv2%2Fcategories&post=24706"},{"taxonomy":"post_tag","embeddable":true,"href":"https:\/\/gazetaregionalna.com\/index.php?rest_route=%2Fwp%2Fv2%2Ftags&post=24706"}],"curies":[{"name":"wp","href":"https:\/\/api.w.org\/{rel}","templated":true}]}}