{"id":24600,"date":"2020-10-28T11:14:43","date_gmt":"2020-10-28T11:14:43","guid":{"rendered":"https:\/\/gazetaregionalna.com\/?p=24600"},"modified":"2020-10-28T11:15:21","modified_gmt":"2020-10-28T11:15:21","slug":"zloto-dla-radomszczanki","status":"publish","type":"post","link":"https:\/\/gazetaregionalna.com\/?p=24600","title":{"rendered":"Z\u0142oto dla radomszczanki"},"content":{"rendered":"\n<h2 class=\"wp-block-heading\"><strong>Weronika Mazur<\/strong> zdoby\u0142a z\u0142oty medal na turnieju Sari Cup \u017bory w kategorii kumite Seniorek +60 kg. Jest to kolejny sukces radomszczanki.<\/h2>\n\n\n\n<p>Weronika reprezentowa\u0142a Sieradzki Klub Karate Kyokushinkay w nowej dla niej kategorii <strong>\u201eKr\u00f3lewska Kategoria Seniorek\u201d<\/strong>, kt\u00f3rej obecnie startuje.<\/p>\n\n\n\n<figure class=\"wp-block-image size-large\"><img decoding=\"async\" width=\"1024\" height=\"681\" data-src=\"https:\/\/gazetaregionalna.com\/wp-content\/uploads\/2020\/10\/weronika-mazur-1.jpg\" alt=\"\" class=\"wp-image-24603 lazyload\" data-srcset=\"https:\/\/gazetaregionalna.com\/wp-content\/uploads\/2020\/10\/weronika-mazur-1.jpg 1024w, https:\/\/gazetaregionalna.com\/wp-content\/uploads\/2020\/10\/weronika-mazur-1-300x200.jpg 300w, https:\/\/gazetaregionalna.com\/wp-content\/uploads\/2020\/10\/weronika-mazur-1-768x511.jpg 768w, https:\/\/gazetaregionalna.com\/wp-content\/uploads\/2020\/10\/weronika-mazur-1-696x463.jpg 696w, https:\/\/gazetaregionalna.com\/wp-content\/uploads\/2020\/10\/weronika-mazur-1-632x420.jpg 632w\" data-sizes=\"(max-width: 1024px) 100vw, 1024px\" src=\"data:image\/svg+xml;base64,PHN2ZyB3aWR0aD0iMSIgaGVpZ2h0PSIxIiB4bWxucz0iaHR0cDovL3d3dy53My5vcmcvMjAwMC9zdmciPjwvc3ZnPg==\" style=\"--smush-placeholder-width: 1024px; --smush-placeholder-aspect-ratio: 1024\/681;\" \/><figcaption>Fot: Grzegorz Mazur<\/figcaption><\/figure>\n\n\n\n<p>24\npa\u017adziernika 2020 roku w \u017borach odby\u0142 si\u0119 VI Turniej Karate\nKyokushin \u201eSARI CUP\u201d, kt\u00f3rego organizatorem by\u0142  Klub Karate\nKyokushin SHOGUN \u017bORY. Jego kierownikiem jest Sensei Dariusz Kudyk\n(3 dan). \n<\/p>\n\n\n\n<p>W\nzmaganiach wzi\u0119\u0142o udzia\u0142 150 zawodnik\u00f3w z ca\u0142ego kraju, a same\nzawody odby\u0142y si\u0119 w re\u017cimie sanitarnym, zapewniaj\u0105c wszystkim\nbezpiecze\u0144stwo. Shihan Janusz Pi\u00f3rkowski (5dan) by\u0142 s\u0119dzi\u0105\ng\u0142\u00f3wnym tych zawod\u00f3w.<\/p>\n\n\n\n<p>Po\nsukcesach w Japonii na Grand Prix Tokyo 2020, gdzie Weronika zdoby\u0142a\n3 miejsce jako juniorka, przysz\u0142a kolej na kolejny sukces. Tym razem\nna turnieju Sari Cup \u017bory w kategorii kumite Seniorek +60 kg.\nRadomszczanka osi\u0105gn\u0119\u0142a pierwszy sukces, zdobywaj\u0105c z\u0142oty medal.\nTo osi\u0105gni\u0119cie oraz styl walki (wygrana walk przed czasem) budzi\noptymizm na dalsze starty.<\/p>\n\n\n\n<p>Sieradzki Klub Karate Kyokushinkay reprezentowali tak\u017ce:<\/p>\n\n\n\n<ul class=\"wp-block-list\"><li><strong>Przemys\u0142aw\n\tMaruszewski zdobywaj\u0105c I miejsce w swojej kategorii;<\/strong>\n\t<\/li><li><strong>Zuzanna\n\tDuch II miejsce w kategorii junior;<\/strong>\n\t<\/li><li><strong>Natalia\n\tKurek zaj\u0119\u0142a III miejsce w swojej kategorii wagowej;<\/strong>\n\t<\/li><li><strong>Iga\n\tG\u00f3recka wywalczy\u0142a III miejsce w kategorii juniorek;<\/strong>\n\t<\/li><li><strong>Lidia\n\tSzafranowicz r\u00f3wnie\u017c wywalczy\u0142a III miejsce w kategorii juniorek;<\/strong>\n\t<\/li><li><strong>Startowa\u0142a\n\ttak\u017ce Magda Maruszewska i Zuzanna Bara\u0144ska.<\/strong>\n<\/li><\/ul>\n\n\n\n<figure class=\"wp-block-image size-large is-resized\"><img decoding=\"async\" data-src=\"https:\/\/gazetaregionalna.com\/wp-content\/uploads\/2020\/10\/weronika-mazur-9.jpg\" alt=\"\" class=\"wp-image-24611 lazyload\" width=\"716\" height=\"475\" data-srcset=\"https:\/\/gazetaregionalna.com\/wp-content\/uploads\/2020\/10\/weronika-mazur-9.jpg 1024w, https:\/\/gazetaregionalna.com\/wp-content\/uploads\/2020\/10\/weronika-mazur-9-300x200.jpg 300w, https:\/\/gazetaregionalna.com\/wp-content\/uploads\/2020\/10\/weronika-mazur-9-768x511.jpg 768w, https:\/\/gazetaregionalna.com\/wp-content\/uploads\/2020\/10\/weronika-mazur-9-696x463.jpg 696w, https:\/\/gazetaregionalna.com\/wp-content\/uploads\/2020\/10\/weronika-mazur-9-632x420.jpg 632w\" data-sizes=\"(max-width: 716px) 100vw, 716px\" src=\"data:image\/svg+xml;base64,PHN2ZyB3aWR0aD0iMSIgaGVpZ2h0PSIxIiB4bWxucz0iaHR0cDovL3d3dy53My5vcmcvMjAwMC9zdmciPjwvc3ZnPg==\" style=\"--smush-placeholder-width: 716px; --smush-placeholder-aspect-ratio: 716\/475;\" \/><figcaption>Fot: Grzegorz Mazur<\/figcaption><\/figure>\n\n\n\n<p>Opiekunem grupy by\u0142 <strong>sempai Adam K\u0119pi\u0144ski<\/strong>, a w roli s\u0119dziego wyst\u0119powa\u0142a sensei Ida Wajgelt.<\/p>\n\n\n\n<p>[post_gallery]<\/p>\n\n\n\n<p>Fot: Grzegorz Mazur<\/p>\n","protected":false},"excerpt":{"rendered":"<p>Weronika Mazur zdoby\u0142a z\u0142oty medal na turnieju Sari Cup \u017bory w kategorii kumite Seniorek +60 kg. Jest to kolejny sukces radomszczanki. Weronika reprezentowa\u0142a Sieradzki<\/p>\n","protected":false},"author":12,"featured_media":24612,"comment_status":"open","ping_status":"open","sticky":false,"template":"","format":"standard","meta":{"_monsterinsights_skip_tracking":false,"_monsterinsights_sitenote_active":false,"_monsterinsights_sitenote_note":"","_monsterinsights_sitenote_category":0,"_uf_show_specific_survey":0,"_uf_disable_surveys":false,"footnotes":""},"categories":[5,94,11,28,2],"tags":[],"class_list":["post-24600","post","type-post","status-publish","format-standard","has-post-thumbnail","hentry","category-sport","category-polecane","category-pozostale","category-radomsko","category-wiadomosci"],"_links":{"self":[{"href":"https:\/\/gazetaregionalna.com\/index.php?rest_route=\/wp\/v2\/posts\/24600","targetHints":{"allow":["GET"]}}],"collection":[{"href":"https:\/\/gazetaregionalna.com\/index.php?rest_route=\/wp\/v2\/posts"}],"about":[{"href":"https:\/\/gazetaregionalna.com\/index.php?rest_route=\/wp\/v2\/types\/post"}],"author":[{"embeddable":true,"href":"https:\/\/gazetaregionalna.com\/index.php?rest_route=\/wp\/v2\/users\/12"}],"replies":[{"embeddable":true,"href":"https:\/\/gazetaregionalna.com\/index.php?rest_route=%2Fwp%2Fv2%2Fcomments&post=24600"}],"version-history":[{"count":2,"href":"https:\/\/gazetaregionalna.com\/index.php?rest_route=\/wp\/v2\/posts\/24600\/revisions"}],"predecessor-version":[{"id":24613,"href":"https:\/\/gazetaregionalna.com\/index.php?rest_route=\/wp\/v2\/posts\/24600\/revisions\/24613"}],"wp:featuredmedia":[{"embeddable":true,"href":"https:\/\/gazetaregionalna.com\/index.php?rest_route=\/wp\/v2\/media\/24612"}],"wp:attachment":[{"href":"https:\/\/gazetaregionalna.com\/index.php?rest_route=%2Fwp%2Fv2%2Fmedia&parent=24600"}],"wp:term":[{"taxonomy":"category","embeddable":true,"href":"https:\/\/gazetaregionalna.com\/index.php?rest_route=%2Fwp%2Fv2%2Fcategories&post=24600"},{"taxonomy":"post_tag","embeddable":true,"href":"https:\/\/gazetaregionalna.com\/index.php?rest_route=%2Fwp%2Fv2%2Ftags&post=24600"}],"curies":[{"name":"wp","href":"https:\/\/api.w.org\/{rel}","templated":true}]}}