{"id":24566,"date":"2020-10-27T16:05:31","date_gmt":"2020-10-27T16:05:31","guid":{"rendered":"https:\/\/gazetaregionalna.com\/?p=24566"},"modified":"2020-10-27T16:05:34","modified_gmt":"2020-10-27T16:05:34","slug":"we-wszystkich-swietych","status":"publish","type":"post","link":"https:\/\/gazetaregionalna.com\/?p=24566","title":{"rendered":"We Wszystkich \u015awi\u0119tych darmowa komunikacja miejska oraz zmiana organizacji ruchu w okolicy cmentarzy w Radomsku"},"content":{"rendered":"\n<h2 class=\"wp-block-heading\">We\nWszystkich \u015awi\u0119tych w Radomsku komunikacja miejska b\u0119dzie darmowa.\nDodatkowo trzeba si\u0119 w tym dniu nastawi\u0107 na zmian\u0119 organizacji\nruchu przy cmentarzach.<\/h2>\n\n\n\n<p>Tak jak by\u0142o to w latach ubieg\u0142ych, tak i w tym roku komunikacja miejska b\u0119dzie darmowa w dniu 1 listopada.<strong> Linia numer \u201e0\u201d<\/strong> b\u0119dzie kursowa\u0142a ze zwi\u0119kszon\u0105 cz\u0119stotliwo\u015bci\u0105. W dobie pandemii trzeba pami\u0119ta\u0107 o zachowaniu dystansu oraz limicie, jaki  obowi\u0105zuje w \u015brodkach komunikacji.<\/p>\n\n\n\n<p><strong>W\u0142odarze miasta prosz\u0105 r\u00f3wnie\u017c o nieparkowanie pojazd\u00f3w osobowych na p\u0119tli autobusowej przy ul. Jagiello\u0144skiej!<\/strong><\/p>\n\n\n\n<figure class=\"wp-block-image size-large\"><img decoding=\"async\" width=\"788\" height=\"390\" data-src=\"https:\/\/gazetaregionalna.com\/wp-content\/uploads\/2020\/10\/bus-radomsko.jpg\" alt=\"\" class=\"wp-image-24569 lazyload\" data-srcset=\"https:\/\/gazetaregionalna.com\/wp-content\/uploads\/2020\/10\/bus-radomsko.jpg 788w, https:\/\/gazetaregionalna.com\/wp-content\/uploads\/2020\/10\/bus-radomsko-300x148.jpg 300w, https:\/\/gazetaregionalna.com\/wp-content\/uploads\/2020\/10\/bus-radomsko-768x380.jpg 768w, https:\/\/gazetaregionalna.com\/wp-content\/uploads\/2020\/10\/bus-radomsko-324x160.jpg 324w, https:\/\/gazetaregionalna.com\/wp-content\/uploads\/2020\/10\/bus-radomsko-696x344.jpg 696w\" data-sizes=\"(max-width: 788px) 100vw, 788px\" src=\"data:image\/svg+xml;base64,PHN2ZyB3aWR0aD0iMSIgaGVpZ2h0PSIxIiB4bWxucz0iaHR0cDovL3d3dy53My5vcmcvMjAwMC9zdmciPjwvc3ZnPg==\" style=\"--smush-placeholder-width: 788px; --smush-placeholder-aspect-ratio: 788\/390;\" \/><figcaption>Fot: UM Radomsko<\/figcaption><\/figure>\n\n\n\n<p>We Wszystkich \u015awi\u0119tych trzeba tak\u017ce uzbroi\u0107 si\u0119 w cierpliwo\u015b\u0107 oraz przygotowa\u0107 na czasow\u0105 zmian\u0119 ruchu w rejonie Nowego i Starego Cmentarza w Radomsku.<\/p>\n\n\n\n<p>W tym dniu ulic\u0105 jednokierunkow\u0105 b\u0119dzie ul. Prymasa Wyszy\u0144skiego. Na odcinku skrzy\u017cowa\u0144 z Jagiello\u0144sk\u0105 i Skoczy\u0144skiego <strong>od godziny 7:00 31 pa\u017adziernika do godziny 8:00 2 listopada<\/strong> b\u0119dzie si\u0119 odbywa\u0107 ruch jedynie w kierunku centrum miasta.  <\/p>\n\n\n\n<p>Dodatkowo b\u0119dzie obowi\u0105zywa\u0107 zakaz zatrzymywania si\u0119 na ulicy Stodolnej  po obu jej stronach pobocza na odcinku mi\u0119dzy ulic\u0105 Prymasa Wyszy\u0144skiego i ulic\u0105 Pust\u0105. Zakaz zatrzymywania si\u0119 obowi\u0105zuje <strong>od godziny 15:00 30 pa\u017adziernika do godziny 9:00 3 listopada<\/strong>.<\/p>\n\n\n\n<figure class=\"wp-block-image size-large\"><img decoding=\"async\" width=\"788\" height=\"390\" data-src=\"https:\/\/gazetaregionalna.com\/wp-content\/uploads\/2020\/10\/cmentarz-radomsko.jpg\" alt=\"\" class=\"wp-image-24570 lazyload\" data-srcset=\"https:\/\/gazetaregionalna.com\/wp-content\/uploads\/2020\/10\/cmentarz-radomsko.jpg 788w, https:\/\/gazetaregionalna.com\/wp-content\/uploads\/2020\/10\/cmentarz-radomsko-300x148.jpg 300w, https:\/\/gazetaregionalna.com\/wp-content\/uploads\/2020\/10\/cmentarz-radomsko-768x380.jpg 768w, https:\/\/gazetaregionalna.com\/wp-content\/uploads\/2020\/10\/cmentarz-radomsko-324x160.jpg 324w, https:\/\/gazetaregionalna.com\/wp-content\/uploads\/2020\/10\/cmentarz-radomsko-696x344.jpg 696w\" data-sizes=\"(max-width: 788px) 100vw, 788px\" src=\"data:image\/svg+xml;base64,PHN2ZyB3aWR0aD0iMSIgaGVpZ2h0PSIxIiB4bWxucz0iaHR0cDovL3d3dy53My5vcmcvMjAwMC9zdmciPjwvc3ZnPg==\" style=\"--smush-placeholder-width: 788px; --smush-placeholder-aspect-ratio: 788\/390;\" \/><figcaption>Fot: UM Radomsko<\/figcaption><\/figure>\n","protected":false},"excerpt":{"rendered":"<p>We Wszystkich \u015awi\u0119tych w Radomsku komunikacja miejska b\u0119dzie darmowa. Dodatkowo trzeba si\u0119 w tym dniu nastawi\u0107 na zmian\u0119 organizacji ruchu przy cmentarzach. Tak jak<\/p>\n","protected":false},"author":12,"featured_media":24568,"comment_status":"open","ping_status":"open","sticky":false,"template":"","format":"standard","meta":{"_monsterinsights_skip_tracking":false,"_monsterinsights_sitenote_active":false,"_monsterinsights_sitenote_note":"","_monsterinsights_sitenote_category":0,"_uf_show_specific_survey":0,"_uf_disable_surveys":false,"footnotes":""},"categories":[94,28,2],"tags":[],"class_list":["post-24566","post","type-post","status-publish","format-standard","has-post-thumbnail","hentry","category-polecane","category-radomsko","category-wiadomosci"],"_links":{"self":[{"href":"https:\/\/gazetaregionalna.com\/index.php?rest_route=\/wp\/v2\/posts\/24566","targetHints":{"allow":["GET"]}}],"collection":[{"href":"https:\/\/gazetaregionalna.com\/index.php?rest_route=\/wp\/v2\/posts"}],"about":[{"href":"https:\/\/gazetaregionalna.com\/index.php?rest_route=\/wp\/v2\/types\/post"}],"author":[{"embeddable":true,"href":"https:\/\/gazetaregionalna.com\/index.php?rest_route=\/wp\/v2\/users\/12"}],"replies":[{"embeddable":true,"href":"https:\/\/gazetaregionalna.com\/index.php?rest_route=%2Fwp%2Fv2%2Fcomments&post=24566"}],"version-history":[{"count":2,"href":"https:\/\/gazetaregionalna.com\/index.php?rest_route=\/wp\/v2\/posts\/24566\/revisions"}],"predecessor-version":[{"id":24571,"href":"https:\/\/gazetaregionalna.com\/index.php?rest_route=\/wp\/v2\/posts\/24566\/revisions\/24571"}],"wp:featuredmedia":[{"embeddable":true,"href":"https:\/\/gazetaregionalna.com\/index.php?rest_route=\/wp\/v2\/media\/24568"}],"wp:attachment":[{"href":"https:\/\/gazetaregionalna.com\/index.php?rest_route=%2Fwp%2Fv2%2Fmedia&parent=24566"}],"wp:term":[{"taxonomy":"category","embeddable":true,"href":"https:\/\/gazetaregionalna.com\/index.php?rest_route=%2Fwp%2Fv2%2Fcategories&post=24566"},{"taxonomy":"post_tag","embeddable":true,"href":"https:\/\/gazetaregionalna.com\/index.php?rest_route=%2Fwp%2Fv2%2Ftags&post=24566"}],"curies":[{"name":"wp","href":"https:\/\/api.w.org\/{rel}","templated":true}]}}