{"id":24560,"date":"2020-10-27T14:04:59","date_gmt":"2020-10-27T14:04:59","guid":{"rendered":"https:\/\/gazetaregionalna.com\/?p=24560"},"modified":"2020-10-27T14:05:43","modified_gmt":"2020-10-27T14:05:43","slug":"nowa-usluga","status":"publish","type":"post","link":"https:\/\/gazetaregionalna.com\/?p=24560","title":{"rendered":"\u201eKlient w centrum uwagi KAS&#8221; \u2013 nowa us\u0142uga Urz\u0119du Skarbowego"},"content":{"rendered":"\n<h2 class=\"wp-block-heading\">\nOd\nwczoraj, czyli 26 pa\u017adziernika 2020 roku ruszy\u0142a nowa us\u0142uga\nUrz\u0119du Skarbowego, dzi\u0119ki kt\u00f3rej b\u0119dzie mo\u017cna um\u00f3wi\u0107 wizyt\u0119 w\nskarb\u00f3wce.<\/h2>\n\n\n\n<figure class=\"wp-block-image size-large\"><img decoding=\"async\" width=\"460\" height=\"290\" data-src=\"https:\/\/gazetaregionalna.com\/wp-content\/uploads\/2020\/10\/program-KAS-1.jpg\" alt=\"\" class=\"wp-image-24562 lazyload\" data-srcset=\"https:\/\/gazetaregionalna.com\/wp-content\/uploads\/2020\/10\/program-KAS-1.jpg 460w, https:\/\/gazetaregionalna.com\/wp-content\/uploads\/2020\/10\/program-KAS-1-300x189.jpg 300w\" data-sizes=\"(max-width: 460px) 100vw, 460px\" src=\"data:image\/svg+xml;base64,PHN2ZyB3aWR0aD0iMSIgaGVpZ2h0PSIxIiB4bWxucz0iaHR0cDovL3d3dy53My5vcmcvMjAwMC9zdmciPjwvc3ZnPg==\" style=\"--smush-placeholder-width: 460px; --smush-placeholder-aspect-ratio: 460\/290;\" \/><figcaption>Fot: podatki.gov.pl<\/figcaption><\/figure>\n\n\n\n<p>\nNa\nrazie nowy model obs\u0142ugi podatnik\u00f3w ruszy\u0142  w 5 wojew\u00f3dztwach, a\nod 16 listopada 2020 roku b\u0119dzie ju\u017c obejmowa\u0142 ca\u0142y kraj. \n<\/p>\n\n\n\n<p>\nCo\numo\u017cliwia nowa us\u0142uga? Dzi\u0119ki niej b\u0119dzie mo\u017cna um\u00f3wi\u0107 si\u0119 na\nbezpo\u015bredni\u0105 wizyt\u0119 w celu za\u0142atwienia w\u0142asnych spraw\nurz\u0119dowych. Um\u00f3wienia wizyty w urz\u0119dzie zwi\u0119kszy bezpiecze\u0144stwo\npodatnik\u00f3w i komfort przy za\u0142atwianiu spraw.<\/p>\n\n\n\n<p>&#8211;<em>\u201e<\/em><em>Elektroniczna\nus\u0142uga, kt\u00f3ra umo\u017cliwi podatnikom um\u00f3wienie wizyty w urz\u0119dzie\nskarbowym, to wa\u017cny krok w programie \u201eKlient w centrum uwagi KAS&#8221;.\nDzi\u0119ki us\u0142udze zwi\u0119kszymy komfort za\u0142atwiania spraw w urz\u0119dzie\nprzy zapewnieniu wytycznych dotycz\u0105cych bezpiecze\u0144stwa, co jest\nszczeg\u00f3lnie wa\u017cne w obecnej sytuacji&#8221;<\/em>\n\u2013 m\u00f3wi szef Krajowej Administracji Skarbowej, Magdalena\nRzeczkowska.<\/p>\n\n\n\n<p>W\nwojew\u00f3dztwie \u015bl\u0105skim, jak i czterech pozosta\u0142ych wojew\u00f3dztwach \nprogram ruszy\u0142 ju\u017c wczoraj. Wcze\u015bniej tego lata by\u0142 on pilota\u017cowo\nuruchomiony w  urz\u0119dach skarbowych w wojew\u00f3dztwach podlaskim i\nwielkopolskim.<\/p>\n\n\n\n<p>Mieszka\u0144cy\nmaj\u0105 od teraz dost\u0119p do formularza online, za pomoc\u0105 kt\u00f3rego mog\u0105\num\u00f3wi\u0107 wizyt\u0119 na terminy od 9 listopada w\u0142\u0105cznie. Nag\u0142e sprawy\nprzed 9 listopada b\u0119dzie mo\u017cna za\u0142atwi\u0107 po wcze\u015bniejszym\nskontaktowaniu si\u0119 ze swoim urz\u0119dem.<\/p>\n\n\n\n<p>\n<strong>Na\nwizyt\u0119 mo\u017cna si\u0119 um\u00f3wi\u0107 ju\u017c od wczorajszego dnia, na terminy od\n9 listopada w\u0142\u0105cznie.<\/strong><\/p>\n\n\n\n<p> Jak si\u0119 um\u00f3wi\u0107 na wizyt\u0119?:<\/p>\n\n\n\n<ul class=\"wp-block-list\"><li>Przez Internet \u2013 mo\u017cna skorzysta\u0107 z elektronicznego formularza dost\u0119pnego na stronie <a href=\"http:\/\/www.podatki.gov.pl\/\" target=\"_blank\" rel=\"noopener\">www.podatki.gov.pl<\/a> (link otwiera nowe okno w serwisie zewn\u0119trznym) lub swojego urz\u0119du skarbowego; <\/li><li>Telefonicznie \u2013 numery telefon\u00f3w s\u0105 na stronie www urz\u0119du skarbowego; <\/li><li>W urz\u0119dzie \u2013 podczas osobistej wizyty w punkcie \u201eUmawianie wizyt&#8221;, kt\u00f3ry znajduje si\u0119 blisko wej\u015bcia. <\/li><\/ul>\n\n\n\n<figure class=\"wp-block-image size-large\"><img decoding=\"async\" width=\"733\" height=\"1024\" data-src=\"https:\/\/gazetaregionalna.com\/wp-content\/uploads\/2020\/10\/program-KAS-2.jpg\" alt=\"\" class=\"wp-image-24563 lazyload\" data-srcset=\"https:\/\/gazetaregionalna.com\/wp-content\/uploads\/2020\/10\/program-KAS-2.jpg 733w, https:\/\/gazetaregionalna.com\/wp-content\/uploads\/2020\/10\/program-KAS-2-215x300.jpg 215w, https:\/\/gazetaregionalna.com\/wp-content\/uploads\/2020\/10\/program-KAS-2-696x972.jpg 696w, https:\/\/gazetaregionalna.com\/wp-content\/uploads\/2020\/10\/program-KAS-2-301x420.jpg 301w\" data-sizes=\"(max-width: 733px) 100vw, 733px\" src=\"data:image\/svg+xml;base64,PHN2ZyB3aWR0aD0iMSIgaGVpZ2h0PSIxIiB4bWxucz0iaHR0cDovL3d3dy53My5vcmcvMjAwMC9zdmciPjwvc3ZnPg==\" style=\"--smush-placeholder-width: 733px; --smush-placeholder-aspect-ratio: 733\/1024;\" \/><figcaption>Fot: podatki.gov.pl<\/figcaption><\/figure>\n\n\n\n<p>Przeprowadzona\nankieta w\u015br\u00f3d podatnik\u00f3w z wojew\u00f3dztwa podlaskiego wykaza\u0142a, \u017ce\n77 proc. ankietowanych uzna\u0142o, \u017ce wcze\u015bniejsza rezerwacja wizyty\npoprawia sprawno\u015b\u0107 za\u0142atwienia sprawy i zwi\u0119ksza bezpiecze\u0144stwo.\nNatomiast 72 proc. przyznaje, \u017ce formularz zg\u0142oszeniowy jest\nzrozumia\u0142y i czytelny. Sumuj\u0105c, podatnicy doceniaj\u0105 now\u0105 us\u0142ug\u0119.<\/p>\n\n\n\n<p>Mimo\nnowego sposobu umawiania wizyty Urz\u0119dy Skarbowe dalej zach\u0119caj\u0105 do\ndalszego korzystania z dotychczasowych zdalnych form za\u0142atwiania\nspraw w urz\u0119dach.<\/p>\n\n\n\n<p>Do\ntakich form nale\u017c\u0105:<\/p>\n\n\n\n<ul class=\"wp-block-list\"><li>Infolinia Krajowej Informacji Skarbowej &#8211; od 17 marca 2020 r. do odwo\u0142ania konsultanci infolinii Krajowej Informacji Skarbowej s\u0105 dost\u0119pni od poniedzia\u0142ku do pi\u0105tku w godzinach od 8:00 do 16:00 pod numerami: <ul><li> tel. 22 330 03 30 (dla po\u0142\u0105cze\u0144 z telefon\u00f3w stacjonarnych); <\/li><li> tel. 801 055 055 (dla po\u0142\u0105cze\u0144 z telefon\u00f3w kom\u00f3rkowych); <\/li><li> tel. +48 22 330 03 30 (dla po\u0142\u0105cze\u0144 z zagranicy).  <\/li><\/ul><\/li><li>Strony <a href=\"https:\/\/www.podatki.gov.pl\/\" class=\"rank-math-link\" target=\"_blank\" rel=\"noopener\">podatki.gov.pl<\/a> i  <a href=\"https:\/\/www.biznes.gov.pl\/pl\" class=\"rank-math-link\" target=\"_blank\" rel=\"noopener\">biznes.gov.pl<\/a> (linki otwieraj\u0105 nowe okna w serwisach zewn\u0119trznych); <\/li><li>Specjalne numery telefon\u00f3w dost\u0119pne w bezpo\u015brednich Urz\u0119dach Skarbowych. Mo\u017cna je znale\u017a\u0107 na stronach internetowych urz\u0119d\u00f3w w zak\u0142adce Kontakt. <\/li><\/ul>\n\n\n\n<p>Bardzo\nwa\u017cny komunikat od Krajowej Administracji Skarbowej:<\/p>\n\n\n\n<p>-\u201d<em>Ze wzgl\u0119du na sytuacj\u0119 epidemiczn\u0105 do urz\u0119du umawiajmy si\u0119 tylko, je\u015bli jest to niezb\u0119dne, a wizyt\u0119 zarezerwujmy przez Internet lub telefonicznie. Dzi\u0119ki temu unikniemy niepotrzebnego czekania w kolejce i zadbamy o bezpiecze\u0144stwo swoje i innych\u201d.<\/em><\/p>\n","protected":false},"excerpt":{"rendered":"<p>Od wczoraj, czyli 26 pa\u017adziernika 2020 roku ruszy\u0142a nowa us\u0142uga Urz\u0119du Skarbowego, dzi\u0119ki kt\u00f3rej b\u0119dzie mo\u017cna um\u00f3wi\u0107 wizyt\u0119 w skarb\u00f3wce. Na razie nowy model<\/p>\n","protected":false},"author":12,"featured_media":24564,"comment_status":"open","ping_status":"open","sticky":false,"template":"","format":"standard","meta":{"_monsterinsights_skip_tracking":false,"_monsterinsights_sitenote_active":false,"_monsterinsights_sitenote_note":"","_monsterinsights_sitenote_category":0,"_uf_show_specific_survey":0,"_uf_disable_surveys":false,"footnotes":""},"categories":[42,3,27,25,26,94,2],"tags":[],"class_list":["post-24560","post","type-post","status-publish","format-standard","has-post-thumbnail","hentry","category-finanse","category-czestochowa-informacje","category-klobuck-informacje","category-lubliniec","category-myszkow","category-polecane","category-wiadomosci"],"_links":{"self":[{"href":"https:\/\/gazetaregionalna.com\/index.php?rest_route=\/wp\/v2\/posts\/24560","targetHints":{"allow":["GET"]}}],"collection":[{"href":"https:\/\/gazetaregionalna.com\/index.php?rest_route=\/wp\/v2\/posts"}],"about":[{"href":"https:\/\/gazetaregionalna.com\/index.php?rest_route=\/wp\/v2\/types\/post"}],"author":[{"embeddable":true,"href":"https:\/\/gazetaregionalna.com\/index.php?rest_route=\/wp\/v2\/users\/12"}],"replies":[{"embeddable":true,"href":"https:\/\/gazetaregionalna.com\/index.php?rest_route=%2Fwp%2Fv2%2Fcomments&post=24560"}],"version-history":[{"count":2,"href":"https:\/\/gazetaregionalna.com\/index.php?rest_route=\/wp\/v2\/posts\/24560\/revisions"}],"predecessor-version":[{"id":24565,"href":"https:\/\/gazetaregionalna.com\/index.php?rest_route=\/wp\/v2\/posts\/24560\/revisions\/24565"}],"wp:featuredmedia":[{"embeddable":true,"href":"https:\/\/gazetaregionalna.com\/index.php?rest_route=\/wp\/v2\/media\/24564"}],"wp:attachment":[{"href":"https:\/\/gazetaregionalna.com\/index.php?rest_route=%2Fwp%2Fv2%2Fmedia&parent=24560"}],"wp:term":[{"taxonomy":"category","embeddable":true,"href":"https:\/\/gazetaregionalna.com\/index.php?rest_route=%2Fwp%2Fv2%2Fcategories&post=24560"},{"taxonomy":"post_tag","embeddable":true,"href":"https:\/\/gazetaregionalna.com\/index.php?rest_route=%2Fwp%2Fv2%2Ftags&post=24560"}],"curies":[{"name":"wp","href":"https:\/\/api.w.org\/{rel}","templated":true}]}}