{"id":24538,"date":"2020-10-27T12:17:46","date_gmt":"2020-10-27T12:17:46","guid":{"rendered":"https:\/\/gazetaregionalna.com\/?p=24538"},"modified":"2020-10-27T12:17:49","modified_gmt":"2020-10-27T12:17:49","slug":"piekna-nasza-polska-cala","status":"publish","type":"post","link":"https:\/\/gazetaregionalna.com\/?p=24538","title":{"rendered":"\u201ePi\u0119kna Nasza Polska Ca\u0142a\u201d w przedszkolu w R\u0119dzinach"},"content":{"rendered":"\n<h2 class=\"wp-block-heading\"> Przedszkole wchodz\u0105ce w sk\u0142ad Zespo\u0142u Szkolno-Przedszkolnego nr 2 w R\u0119dzinach w roku szkolnym 2020\/2021 bierze udzia\u0142 w Mi\u0119dzynarodowym Projekcie Edukacyjnym <strong>\u201ePi\u0119kna Nasza Polska Ca\u0142a\u201d<\/strong>.<\/h2>\n\n\n\n<figure class=\"wp-block-image size-large\"><img decoding=\"async\" width=\"960\" height=\"720\" data-src=\"https:\/\/gazetaregionalna.com\/wp-content\/uploads\/2020\/10\/przedszkole-r\u0119dziny-12.jpg\" alt=\"\" class=\"wp-image-24548 lazyload\" data-srcset=\"https:\/\/gazetaregionalna.com\/wp-content\/uploads\/2020\/10\/przedszkole-r\u0119dziny-12.jpg 960w, https:\/\/gazetaregionalna.com\/wp-content\/uploads\/2020\/10\/przedszkole-r\u0119dziny-12-300x225.jpg 300w, https:\/\/gazetaregionalna.com\/wp-content\/uploads\/2020\/10\/przedszkole-r\u0119dziny-12-768x576.jpg 768w, https:\/\/gazetaregionalna.com\/wp-content\/uploads\/2020\/10\/przedszkole-r\u0119dziny-12-80x60.jpg 80w, https:\/\/gazetaregionalna.com\/wp-content\/uploads\/2020\/10\/przedszkole-r\u0119dziny-12-265x198.jpg 265w, https:\/\/gazetaregionalna.com\/wp-content\/uploads\/2020\/10\/przedszkole-r\u0119dziny-12-696x522.jpg 696w, https:\/\/gazetaregionalna.com\/wp-content\/uploads\/2020\/10\/przedszkole-r\u0119dziny-12-560x420.jpg 560w\" data-sizes=\"(max-width: 960px) 100vw, 960px\" src=\"data:image\/svg+xml;base64,PHN2ZyB3aWR0aD0iMSIgaGVpZ2h0PSIxIiB4bWxucz0iaHR0cDovL3d3dy53My5vcmcvMjAwMC9zdmciPjwvc3ZnPg==\" style=\"--smush-placeholder-width: 960px; --smush-placeholder-aspect-ratio: 960\/720;\" \/><figcaption>Fot: Gmina R\u0119dziny<\/figcaption><\/figure>\n\n\n\n<p> G\u0142\u00f3wnym celem projektu jest kszta\u0142towanie od ma\u0142ego szacunku do w\u0142asnego kraju. Dodatkowo zach\u0119ca do poznania i zapami\u0119tania symboli narodowych, jak i samej historii, tradycji, architektury zwi\u0105zanej z naszym Pa\u0144stwem oraz przyrody swojego regionu.<\/p>\n\n\n\n<figure class=\"wp-block-image size-large\"><img decoding=\"async\" width=\"720\" height=\"960\" data-src=\"https:\/\/gazetaregionalna.com\/wp-content\/uploads\/2020\/10\/przedszkole-r\u0119dziny-16.jpg\" alt=\"\" class=\"wp-image-24552 lazyload\" data-srcset=\"https:\/\/gazetaregionalna.com\/wp-content\/uploads\/2020\/10\/przedszkole-r\u0119dziny-16.jpg 720w, https:\/\/gazetaregionalna.com\/wp-content\/uploads\/2020\/10\/przedszkole-r\u0119dziny-16-225x300.jpg 225w, https:\/\/gazetaregionalna.com\/wp-content\/uploads\/2020\/10\/przedszkole-r\u0119dziny-16-696x928.jpg 696w, https:\/\/gazetaregionalna.com\/wp-content\/uploads\/2020\/10\/przedszkole-r\u0119dziny-16-315x420.jpg 315w\" data-sizes=\"(max-width: 720px) 100vw, 720px\" src=\"data:image\/svg+xml;base64,PHN2ZyB3aWR0aD0iMSIgaGVpZ2h0PSIxIiB4bWxucz0iaHR0cDovL3d3dy53My5vcmcvMjAwMC9zdmciPjwvc3ZnPg==\" style=\"--smush-placeholder-width: 720px; --smush-placeholder-aspect-ratio: 720\/960;\" \/><figcaption>Fot: Gmina R\u0119dziny<\/figcaption><\/figure>\n\n\n\n<p> W ramach projektu odby\u0142o si\u0119 ju\u017c w przedszkolu na osiedlu wiele imprez oraz tematycznych warsztat\u00f3w. Zorganizowano m.in. \u015awi\u0119to Pieczonego Ziemniaka, Dzie\u0144 Chleba, zosta\u0142a upieczona pyszna szarlotka oraz przygotowano z polskich produkt\u00f3w sa\u0142atk\u0119 warzywn\u0105 i owocow\u0105.  <\/p>\n\n\n\n<p>[post_gallery]<\/p>\n\n\n\n<p>Fot: Gmina R\u0119dziny<\/p>\n","protected":false},"excerpt":{"rendered":"<p>Przedszkole wchodz\u0105ce w sk\u0142ad Zespo\u0142u Szkolno-Przedszkolnego nr 2 w R\u0119dzinach w roku szkolnym 2020\/2021 bierze udzia\u0142 w Mi\u0119dzynarodowym Projekcie Edukacyjnym \u201ePi\u0119kna Nasza Polska Ca\u0142a\u201d.<\/p>\n","protected":false},"author":12,"featured_media":24550,"comment_status":"open","ping_status":"open","sticky":false,"template":"","format":"standard","meta":{"_monsterinsights_skip_tracking":false,"_monsterinsights_sitenote_active":false,"_monsterinsights_sitenote_note":"","_monsterinsights_sitenote_category":0,"_uf_show_specific_survey":0,"_uf_disable_surveys":false,"footnotes":""},"categories":[41,15,94,4,2],"tags":[],"class_list":["post-24538","post","type-post","status-publish","format-standard","has-post-thumbnail","hentry","category-edukacja","category-dla-dzieci","category-polecane","category-region","category-wiadomosci"],"_links":{"self":[{"href":"https:\/\/gazetaregionalna.com\/index.php?rest_route=\/wp\/v2\/posts\/24538","targetHints":{"allow":["GET"]}}],"collection":[{"href":"https:\/\/gazetaregionalna.com\/index.php?rest_route=\/wp\/v2\/posts"}],"about":[{"href":"https:\/\/gazetaregionalna.com\/index.php?rest_route=\/wp\/v2\/types\/post"}],"author":[{"embeddable":true,"href":"https:\/\/gazetaregionalna.com\/index.php?rest_route=\/wp\/v2\/users\/12"}],"replies":[{"embeddable":true,"href":"https:\/\/gazetaregionalna.com\/index.php?rest_route=%2Fwp%2Fv2%2Fcomments&post=24538"}],"version-history":[{"count":2,"href":"https:\/\/gazetaregionalna.com\/index.php?rest_route=\/wp\/v2\/posts\/24538\/revisions"}],"predecessor-version":[{"id":24554,"href":"https:\/\/gazetaregionalna.com\/index.php?rest_route=\/wp\/v2\/posts\/24538\/revisions\/24554"}],"wp:featuredmedia":[{"embeddable":true,"href":"https:\/\/gazetaregionalna.com\/index.php?rest_route=\/wp\/v2\/media\/24550"}],"wp:attachment":[{"href":"https:\/\/gazetaregionalna.com\/index.php?rest_route=%2Fwp%2Fv2%2Fmedia&parent=24538"}],"wp:term":[{"taxonomy":"category","embeddable":true,"href":"https:\/\/gazetaregionalna.com\/index.php?rest_route=%2Fwp%2Fv2%2Fcategories&post=24538"},{"taxonomy":"post_tag","embeddable":true,"href":"https:\/\/gazetaregionalna.com\/index.php?rest_route=%2Fwp%2Fv2%2Ftags&post=24538"}],"curies":[{"name":"wp","href":"https:\/\/api.w.org\/{rel}","templated":true}]}}