{"id":24532,"date":"2020-10-27T11:17:28","date_gmt":"2020-10-27T11:17:28","guid":{"rendered":"https:\/\/gazetaregionalna.com\/?p=24532"},"modified":"2020-10-27T11:17:31","modified_gmt":"2020-10-27T11:17:31","slug":"wielkie-mycie-jurajskich-ostancow","status":"publish","type":"post","link":"https:\/\/gazetaregionalna.com\/?p=24532","title":{"rendered":"Wielkie mycie jurajskich osta\u0144c\u00f3w"},"content":{"rendered":"\n<h2 class=\"wp-block-heading\">Wielkie\nmycie jurajskich osta\u0144c\u00f3w<\/h2>\n\n\n\n<p> Akcj\u0119 usuwania w\u0105tpliwych pami\u0105tek po turystach-wandalach przygotowa\u0142  Zwi\u0105zek Gmin Jurajskich.<\/p>\n\n\n\n<p>Projekt\n\u201cCzyste Ska\u0142y 2020\u201d polega na usuwaniu napis\u00f3w z jurajskich\nosta\u0144c\u00f3w. Mi\u0142o\u015bnicy Jury spotkaj\u0105 si\u0119 dwa razy 28 i 29\npa\u017adziernika. Przez dwa dni czy\u015bci\u0107 b\u0119d\u0105 ska\u0142\u0119 w gminie\nNiegowa oraz \u017barki.<\/p>\n\n\n\n<figure class=\"wp-block-image size-large\"><img decoding=\"async\" width=\"1024\" height=\"600\" data-src=\"https:\/\/gazetaregionalna.com\/wp-content\/uploads\/2020\/10\/Mapa-okolice-Ryczowa-1024x600.png\" alt=\"\" class=\"wp-image-24534 lazyload\" data-srcset=\"https:\/\/gazetaregionalna.com\/wp-content\/uploads\/2020\/10\/Mapa-okolice-Ryczowa-1024x600.png 1024w, https:\/\/gazetaregionalna.com\/wp-content\/uploads\/2020\/10\/Mapa-okolice-Ryczowa-300x176.png 300w, https:\/\/gazetaregionalna.com\/wp-content\/uploads\/2020\/10\/Mapa-okolice-Ryczowa-768x450.png 768w, https:\/\/gazetaregionalna.com\/wp-content\/uploads\/2020\/10\/Mapa-okolice-Ryczowa-1536x900.png 1536w, https:\/\/gazetaregionalna.com\/wp-content\/uploads\/2020\/10\/Mapa-okolice-Ryczowa-696x408.png 696w, https:\/\/gazetaregionalna.com\/wp-content\/uploads\/2020\/10\/Mapa-okolice-Ryczowa-1068x626.png 1068w, https:\/\/gazetaregionalna.com\/wp-content\/uploads\/2020\/10\/Mapa-okolice-Ryczowa-717x420.png 717w, https:\/\/gazetaregionalna.com\/wp-content\/uploads\/2020\/10\/Mapa-okolice-Ryczowa.png 1563w\" data-sizes=\"(max-width: 1024px) 100vw, 1024px\" src=\"data:image\/svg+xml;base64,PHN2ZyB3aWR0aD0iMSIgaGVpZ2h0PSIxIiB4bWxucz0iaHR0cDovL3d3dy53My5vcmcvMjAwMC9zdmciPjwvc3ZnPg==\" style=\"--smush-placeholder-width: 1024px; --smush-placeholder-aspect-ratio: 1024\/600;\" \/><\/figure>\n\n\n\n<p>Harmonogram\ndzia\u0142a\u0144 jest nast\u0119puj\u0105cy:<\/p>\n\n\n\n<p>I\nDzie\u0144:<\/p>\n\n\n\n<p>Trzebni\u00f3w\n(Gmina Niegowa ); start godz. 8.30;<\/p>\n\n\n\n<p>Skala\nz Krzy\u017cem w Trzebniowie;<\/p>\n\n\n\n<p>Skala\nKapu\u015bniak w Suliszowicach (Gmina \u017barki). Oko\u0142o godz. 11:30 (po\nzako\u0144czeniu czyszczenia w Trzebniowie).<\/p>\n\n\n\n<p>II\nDzie\u0144:<\/p>\n\n\n\n<p>Niegowonice\n(Gmina \u0141azy)\u2013 Skala Kromo\u0142owiec. Start godz. 9.00.<\/p>\n\n\n\n<p>Godzina:\noko\u0142o 12-13 (po zako\u0144czeniu akcji na Kromo\u0142owcu) &#8211; ska\u0142a na\ndrodze le\u015bnej utwardzonej na odcinku Rycz\u00f3w-Pilica.<\/p>\n\n\n\n<p>Najlepiej\njecha\u0107 od strony Ryczowa, ska\u0142a po\u0142o\u017cona po prawej stronie drogi\n(lokalizacja jeszcze przed Brzuchack\u0105 Ska\u0142\u0105).<\/p>\n\n\n\n<p>Organizatorzy\nzapraszaj\u0105 wszystkich ch\u0119tnych, kt\u00f3rzy zechc\u0105 przy\u0142\u0105czy\u0107 si\u0119\ndo akcji i pom\u00f3c w porz\u0105dkowaniu Jury.<\/p>\n\n\n\n<p>Szczeg\u00f3\u0142owych\ninformacji udzielaj\u0105 pod numerami telefonu (dost\u0119pnymi r\u00f3wnie\u017c w\nczasie akcji w terenie):<\/p>\n\n\n\n<p>Robert\nNieroda 502 247 659<\/p>\n\n\n\n<p>Rafa\u0142 R\u0119bisz 508 550 918.<\/p>\n\n\n\n<p>(fot. wikipedia)<\/p>\n","protected":false},"excerpt":{"rendered":"<p>Wielkie mycie jurajskich osta\u0144c\u00f3w Akcj\u0119 usuwania w\u0105tpliwych pami\u0105tek po turystach-wandalach przygotowa\u0142 Zwi\u0105zek Gmin Jurajskich. Projekt \u201cCzyste Ska\u0142y 2020\u201d polega na usuwaniu napis\u00f3w z jurajskich<\/p>\n","protected":false},"author":7,"featured_media":24536,"comment_status":"open","ping_status":"open","sticky":false,"template":"","format":"standard","meta":{"_monsterinsights_skip_tracking":false,"_monsterinsights_sitenote_active":false,"_monsterinsights_sitenote_note":"","_monsterinsights_sitenote_category":0,"_uf_show_specific_survey":0,"_uf_disable_surveys":false,"footnotes":""},"categories":[1,26,94,4,2],"tags":[],"class_list":["post-24532","post","type-post","status-publish","format-standard","has-post-thumbnail","hentry","category-uncategorized","category-myszkow","category-polecane","category-region","category-wiadomosci"],"_links":{"self":[{"href":"https:\/\/gazetaregionalna.com\/index.php?rest_route=\/wp\/v2\/posts\/24532","targetHints":{"allow":["GET"]}}],"collection":[{"href":"https:\/\/gazetaregionalna.com\/index.php?rest_route=\/wp\/v2\/posts"}],"about":[{"href":"https:\/\/gazetaregionalna.com\/index.php?rest_route=\/wp\/v2\/types\/post"}],"author":[{"embeddable":true,"href":"https:\/\/gazetaregionalna.com\/index.php?rest_route=\/wp\/v2\/users\/7"}],"replies":[{"embeddable":true,"href":"https:\/\/gazetaregionalna.com\/index.php?rest_route=%2Fwp%2Fv2%2Fcomments&post=24532"}],"version-history":[{"count":3,"href":"https:\/\/gazetaregionalna.com\/index.php?rest_route=\/wp\/v2\/posts\/24532\/revisions"}],"predecessor-version":[{"id":24537,"href":"https:\/\/gazetaregionalna.com\/index.php?rest_route=\/wp\/v2\/posts\/24532\/revisions\/24537"}],"wp:featuredmedia":[{"embeddable":true,"href":"https:\/\/gazetaregionalna.com\/index.php?rest_route=\/wp\/v2\/media\/24536"}],"wp:attachment":[{"href":"https:\/\/gazetaregionalna.com\/index.php?rest_route=%2Fwp%2Fv2%2Fmedia&parent=24532"}],"wp:term":[{"taxonomy":"category","embeddable":true,"href":"https:\/\/gazetaregionalna.com\/index.php?rest_route=%2Fwp%2Fv2%2Fcategories&post=24532"},{"taxonomy":"post_tag","embeddable":true,"href":"https:\/\/gazetaregionalna.com\/index.php?rest_route=%2Fwp%2Fv2%2Ftags&post=24532"}],"curies":[{"name":"wp","href":"https:\/\/api.w.org\/{rel}","templated":true}]}}