{"id":24503,"date":"2020-10-27T08:34:04","date_gmt":"2020-10-27T08:34:04","guid":{"rendered":"https:\/\/gazetaregionalna.com\/?p=24503"},"modified":"2020-10-27T08:39:58","modified_gmt":"2020-10-27T08:39:58","slug":"mieszkancy-myszkowa-tez-wyszli-wczoraj-na-ulice","status":"publish","type":"post","link":"https:\/\/gazetaregionalna.com\/?p=24503","title":{"rendered":"Mieszka\u0144cy Myszkowa wyszli wczoraj na ulice"},"content":{"rendered":"\n<h2 class=\"wp-block-heading\">Mieszka\u0144cy Myszkowa wyszli wczoraj na ulice<\/h2>\n\n\n\n<p> Ponad tysi\u0105c os\u00f3b \u201espacerowa\u0142o\u201d wczoraj ulicami Zawiercia w prote\u015bcie przeciwko orzeczeniu Trybuna\u0142u Konstytucyjnego ograniczaj\u0105cego mo\u017cliwo\u015b\u0107 legalnego przerwania ci\u0105\u017cy. W protestach wzi\u0119li tak\u017ce udzia\u0142 mieszka\u0144cy Myszkowa i powiatu myszkowskiego. Jak podaj\u0105 media spo\u0142eczno\u015bciowe, zaanga\u017cowanie ludzi by\u0142o ogromne. <\/p>\n\n\n\n<figure class=\"wp-block-image size-large\"><img decoding=\"async\" width=\"960\" height=\"541\" data-src=\"https:\/\/gazetaregionalna.com\/wp-content\/uploads\/2020\/10\/myszkow2.jpg\" alt=\"\" class=\"wp-image-24505 lazyload\" data-srcset=\"https:\/\/gazetaregionalna.com\/wp-content\/uploads\/2020\/10\/myszkow2.jpg 960w, https:\/\/gazetaregionalna.com\/wp-content\/uploads\/2020\/10\/myszkow2-300x169.jpg 300w, https:\/\/gazetaregionalna.com\/wp-content\/uploads\/2020\/10\/myszkow2-768x433.jpg 768w, https:\/\/gazetaregionalna.com\/wp-content\/uploads\/2020\/10\/myszkow2-696x392.jpg 696w, https:\/\/gazetaregionalna.com\/wp-content\/uploads\/2020\/10\/myszkow2-745x420.jpg 745w\" data-sizes=\"(max-width: 960px) 100vw, 960px\" src=\"data:image\/svg+xml;base64,PHN2ZyB3aWR0aD0iMSIgaGVpZ2h0PSIxIiB4bWxucz0iaHR0cDovL3d3dy53My5vcmcvMjAwMC9zdmciPjwvc3ZnPg==\" style=\"--smush-placeholder-width: 960px; --smush-placeholder-aspect-ratio: 960\/541;\" \/><\/figure>\n\n\n\n<p>\nProtesty przebiega\u0142y bez\n\u017cadnych incydent\u00f3w. Uczestnicy \u201espaceru\u201d, podkre\u015blaj\u0105 w\nswoich relacjach, \u017ce zawiercia\u0144ska policja zachowa\u0142a spok\u00f3j, za\nco funkcjonariusze nagrodzeni zostali przez protestuj\u0105cych brawami.<\/p>\n\n\n\n<p> Myszk\u00f3w  na tym nie ko\u0144czy. Chce organizowa\u0107 kolejne manifestacje zgodnie z og\u00f3lnopolskim harmonogramem na swoim terenie.<\/p>\n\n\n\n<p> Na ten pi\u0105tek, na godzin\u0119 18 myszkowianie umawiaj\u0105 si\u0119 na spotkanie przed Miejskim Domem Kultury. Stamt\u0105d chc\u0105 przej\u015b\u0107 ulicami miasta. Na temat tego protestu organizatorzy stworzyli wydarzenie na Facebooku pod nazw\u0105: \u201eMyszk\u00f3w \/ Marsz Wolno\u015bci wobec prawa kobiet!\u201d<\/p>\n\n\n\n<p>(fot.\nFacebook <a href=\"https:\/\/www.facebook.com\/wgpmk\/?__tn__=-UC*F\" target=\"_blank\" rel=\"noopener\">WOLNY\nG\u0141OS Powiatu Myszkowskiego<\/a>)<\/p>\n","protected":false},"excerpt":{"rendered":"<p>Mieszka\u0144cy Myszkowa wyszli wczoraj na ulice Ponad tysi\u0105c os\u00f3b \u201espacerowa\u0142o\u201d wczoraj ulicami Zawiercia w prote\u015bcie przeciwko orzeczeniu Trybuna\u0142u Konstytucyjnego ograniczaj\u0105cego mo\u017cliwo\u015b\u0107 legalnego przerwania ci\u0105\u017cy.<\/p>\n","protected":false},"author":7,"featured_media":24506,"comment_status":"open","ping_status":"open","sticky":false,"template":"","format":"standard","meta":{"_monsterinsights_skip_tracking":false,"_monsterinsights_sitenote_active":false,"_monsterinsights_sitenote_note":"","_monsterinsights_sitenote_category":0,"_uf_show_specific_survey":0,"_uf_disable_surveys":false,"footnotes":""},"categories":[94,26,2],"tags":[],"class_list":["post-24503","post","type-post","status-publish","format-standard","has-post-thumbnail","hentry","category-polecane","category-myszkow","category-wiadomosci"],"_links":{"self":[{"href":"https:\/\/gazetaregionalna.com\/index.php?rest_route=\/wp\/v2\/posts\/24503","targetHints":{"allow":["GET"]}}],"collection":[{"href":"https:\/\/gazetaregionalna.com\/index.php?rest_route=\/wp\/v2\/posts"}],"about":[{"href":"https:\/\/gazetaregionalna.com\/index.php?rest_route=\/wp\/v2\/types\/post"}],"author":[{"embeddable":true,"href":"https:\/\/gazetaregionalna.com\/index.php?rest_route=\/wp\/v2\/users\/7"}],"replies":[{"embeddable":true,"href":"https:\/\/gazetaregionalna.com\/index.php?rest_route=%2Fwp%2Fv2%2Fcomments&post=24503"}],"version-history":[{"count":5,"href":"https:\/\/gazetaregionalna.com\/index.php?rest_route=\/wp\/v2\/posts\/24503\/revisions"}],"predecessor-version":[{"id":24510,"href":"https:\/\/gazetaregionalna.com\/index.php?rest_route=\/wp\/v2\/posts\/24503\/revisions\/24510"}],"wp:featuredmedia":[{"embeddable":true,"href":"https:\/\/gazetaregionalna.com\/index.php?rest_route=\/wp\/v2\/media\/24506"}],"wp:attachment":[{"href":"https:\/\/gazetaregionalna.com\/index.php?rest_route=%2Fwp%2Fv2%2Fmedia&parent=24503"}],"wp:term":[{"taxonomy":"category","embeddable":true,"href":"https:\/\/gazetaregionalna.com\/index.php?rest_route=%2Fwp%2Fv2%2Fcategories&post=24503"},{"taxonomy":"post_tag","embeddable":true,"href":"https:\/\/gazetaregionalna.com\/index.php?rest_route=%2Fwp%2Fv2%2Ftags&post=24503"}],"curies":[{"name":"wp","href":"https:\/\/api.w.org\/{rel}","templated":true}]}}