{"id":24302,"date":"2020-10-24T18:33:39","date_gmt":"2020-10-24T18:33:39","guid":{"rendered":"https:\/\/gazetaregionalna.com\/?p=24302"},"modified":"2020-10-24T18:33:41","modified_gmt":"2020-10-24T18:33:41","slug":"azs-czestochowa-3","status":"publish","type":"post","link":"https:\/\/gazetaregionalna.com\/?p=24302","title":{"rendered":"W meczu na szczycie 2 ligi lider AZS Cz\u0119stochowa wyra\u017anie s\u0142abszy od wicelidera z Krakowa"},"content":{"rendered":"\n<p>Koszykarze AZS Politechniki Cz\u0119stochowa\nnie b\u0119d\u0105 dobrze wspomina\u0107 meczu z AZS AGH Krak\u00f3w. Cz\u0119stochowianie\nw hali Polonia przegrali r\u00f3\u017cnic\u0105 a\u017c 29 punkt\u00f3w!<\/p>\n\n\n\n<p>AZS Politechnika Cz\u0119stochowa po 4\nmeczach mia\u0142 7 punkt\u00f3w i zajmowa\u0142&#8230; 1. miejsce w tabeli 2 ligi\ngrupy C. AZS AGH Krak\u00f3w z 6 punktami na koncie wywalczonymi w 3\nmeczach by\u0142 na 2. pozycji. Sobotni mecz w Cz\u0119stochowie by\u0142\nokrzykni\u0119ty hitem kolejki. Przed spotkaniem wi\u0119cej szans nale\u017ca\u0142o\nda\u0107 go\u015bciom, kt\u00f3rzy mieli komplet punkt\u00f3w i nie przegrali w lidze\nspotkania. W dodatku AZS AGH wymieniany jest w gronie kandydat\u00f3w do\nawansu. \n<\/p>\n\n\n\n<figure class=\"wp-block-image size-large\"><img decoding=\"async\" width=\"1024\" height=\"683\" data-src=\"https:\/\/gazetaregionalna.com\/wp-content\/uploads\/2020\/10\/Koszyk\u00f3wka-29-1024x683.jpg\" alt=\"\" class=\"wp-image-24306 lazyload\" data-srcset=\"https:\/\/gazetaregionalna.com\/wp-content\/uploads\/2020\/10\/Koszyk\u00f3wka-29-1024x683.jpg 1024w, https:\/\/gazetaregionalna.com\/wp-content\/uploads\/2020\/10\/Koszyk\u00f3wka-29-300x200.jpg 300w, https:\/\/gazetaregionalna.com\/wp-content\/uploads\/2020\/10\/Koszyk\u00f3wka-29-768x512.jpg 768w, https:\/\/gazetaregionalna.com\/wp-content\/uploads\/2020\/10\/Koszyk\u00f3wka-29-1536x1024.jpg 1536w, https:\/\/gazetaregionalna.com\/wp-content\/uploads\/2020\/10\/Koszyk\u00f3wka-29-696x464.jpg 696w, https:\/\/gazetaregionalna.com\/wp-content\/uploads\/2020\/10\/Koszyk\u00f3wka-29-1068x712.jpg 1068w, https:\/\/gazetaregionalna.com\/wp-content\/uploads\/2020\/10\/Koszyk\u00f3wka-29-630x420.jpg 630w, https:\/\/gazetaregionalna.com\/wp-content\/uploads\/2020\/10\/Koszyk\u00f3wka-29.jpg 1200w\" data-sizes=\"(max-width: 1024px) 100vw, 1024px\" src=\"data:image\/svg+xml;base64,PHN2ZyB3aWR0aD0iMSIgaGVpZ2h0PSIxIiB4bWxucz0iaHR0cDovL3d3dy53My5vcmcvMjAwMC9zdmciPjwvc3ZnPg==\" style=\"--smush-placeholder-width: 1024px; --smush-placeholder-aspect-ratio: 1024\/683;\" \/><\/figure>\n\n\n\n<p>Cz\u0119stochowscy koszykarze spodziewali\nsi\u0119, \u017ce mo\u017ce by\u0107 trudno, ale chyba w najgorszych snach nie\nspodziewali si\u0119, \u017ce przegraj\u0105 r\u00f3\u017cnic\u0105 prawie 30 punkt\u00f3w. \n<\/p>\n\n\n\n<p>W inauguracyjnej kwarcie AZS przegra\u0142\n16:24. Identyczny wynik by\u0142 w drugiej ods\u0142onie meczu. Gospodarze\nschodzili na przerw\u0119 przegrywaj\u0105c 32:48. O trzeciej kwarcie\npodopieczni trenera Dariusza Szynkiela b\u0119d\u0105 chcieli jak najszybciej\nzapomnie\u0107. Przegrali j\u0105&#8230; 6:25! Przed ostatni\u0105 cz\u0119\u015bci\u0105 meczu\ngo\u015bcie prowadzili 73:38! Nic wi\u0119c dziwnego, \u017ce ostatnie 10 minut\nzagrali na luzie. Politechnika wygra\u0142a ostatni\u0105 ods\u0142on\u0119 24:18 i\nzniwelowa\u0142a straty do 29 punkt\u00f3w. \n<\/p>\n\n\n\n<figure class=\"wp-block-image size-large\"><img decoding=\"async\" width=\"1024\" height=\"683\" data-src=\"https:\/\/gazetaregionalna.com\/wp-content\/uploads\/2020\/10\/Koszyk\u00f3wka-10-1024x683.jpg\" alt=\"\" class=\"wp-image-24304 lazyload\" data-srcset=\"https:\/\/gazetaregionalna.com\/wp-content\/uploads\/2020\/10\/Koszyk\u00f3wka-10-1024x683.jpg 1024w, https:\/\/gazetaregionalna.com\/wp-content\/uploads\/2020\/10\/Koszyk\u00f3wka-10-300x200.jpg 300w, https:\/\/gazetaregionalna.com\/wp-content\/uploads\/2020\/10\/Koszyk\u00f3wka-10-768x512.jpg 768w, https:\/\/gazetaregionalna.com\/wp-content\/uploads\/2020\/10\/Koszyk\u00f3wka-10-1536x1024.jpg 1536w, https:\/\/gazetaregionalna.com\/wp-content\/uploads\/2020\/10\/Koszyk\u00f3wka-10-696x464.jpg 696w, https:\/\/gazetaregionalna.com\/wp-content\/uploads\/2020\/10\/Koszyk\u00f3wka-10-1068x712.jpg 1068w, https:\/\/gazetaregionalna.com\/wp-content\/uploads\/2020\/10\/Koszyk\u00f3wka-10-630x420.jpg 630w, https:\/\/gazetaregionalna.com\/wp-content\/uploads\/2020\/10\/Koszyk\u00f3wka-10.jpg 1200w\" data-sizes=\"(max-width: 1024px) 100vw, 1024px\" src=\"data:image\/svg+xml;base64,PHN2ZyB3aWR0aD0iMSIgaGVpZ2h0PSIxIiB4bWxucz0iaHR0cDovL3d3dy53My5vcmcvMjAwMC9zdmciPjwvc3ZnPg==\" style=\"--smush-placeholder-width: 1024px; --smush-placeholder-aspect-ratio: 1024\/683;\" \/><\/figure>\n\n\n\n<p>Dla cz\u0119stochowskich koszykarzy by\u0142a\nto druga pora\u017cka w tym sezonie w hali Polonia, ale raczej\nwkalkulowana w wyniki. \n<\/p>\n\n\n\n<p>Po pora\u017cce AZS Cz\u0119stochowa spad\u0142 z\n1. na 4. miejsce w tabeli. AZS AGH Krak\u00f3w awansowa\u0142 natomiast na\npozycj\u0119 lidera 2 ligi grupy C.<\/p>\n\n\n\n<p><strong>AZS Politechnika Cz\u0119stochowa \u2013\nAZS AGH Krak\u00f3w 62:91 (16:24, 16:24, 6:25, 24:18)<\/strong><\/p>\n\n\n\n<p>AZS: J. Czy\u017c 19, A. P\u0142aczek 18, N.\nKowalski 9, K. Pyrzyna, P. Dro\u015b, M. Cie\u015blak po 4, P. \u0141aszewski, B.\nM\u0142ynarczyk po 2, S. Spycha\u0142a, K. Szyma\u0144ski, K. Lig\u0119za po 0. \n<\/p>\n","protected":false},"excerpt":{"rendered":"<p>Koszykarze AZS Politechniki Cz\u0119stochowa nie b\u0119d\u0105 dobrze wspomina\u0107 meczu z AZS AGH Krak\u00f3w. Cz\u0119stochowianie w hali Polonia przegrali r\u00f3\u017cnic\u0105 a\u017c 29 punkt\u00f3w! AZS Politechnika<\/p>\n","protected":false},"author":15,"featured_media":24305,"comment_status":"open","ping_status":"open","sticky":false,"template":"","format":"standard","meta":{"_monsterinsights_skip_tracking":false,"_monsterinsights_sitenote_active":false,"_monsterinsights_sitenote_note":"","_monsterinsights_sitenote_category":0,"_uf_show_specific_survey":0,"_uf_disable_surveys":false,"footnotes":""},"categories":[5,9],"tags":[],"class_list":["post-24302","post","type-post","status-publish","format-standard","has-post-thumbnail","hentry","category-sport","category-koszykowka"],"_links":{"self":[{"href":"https:\/\/gazetaregionalna.com\/index.php?rest_route=\/wp\/v2\/posts\/24302","targetHints":{"allow":["GET"]}}],"collection":[{"href":"https:\/\/gazetaregionalna.com\/index.php?rest_route=\/wp\/v2\/posts"}],"about":[{"href":"https:\/\/gazetaregionalna.com\/index.php?rest_route=\/wp\/v2\/types\/post"}],"author":[{"embeddable":true,"href":"https:\/\/gazetaregionalna.com\/index.php?rest_route=\/wp\/v2\/users\/15"}],"replies":[{"embeddable":true,"href":"https:\/\/gazetaregionalna.com\/index.php?rest_route=%2Fwp%2Fv2%2Fcomments&post=24302"}],"version-history":[{"count":1,"href":"https:\/\/gazetaregionalna.com\/index.php?rest_route=\/wp\/v2\/posts\/24302\/revisions"}],"predecessor-version":[{"id":24307,"href":"https:\/\/gazetaregionalna.com\/index.php?rest_route=\/wp\/v2\/posts\/24302\/revisions\/24307"}],"wp:featuredmedia":[{"embeddable":true,"href":"https:\/\/gazetaregionalna.com\/index.php?rest_route=\/wp\/v2\/media\/24305"}],"wp:attachment":[{"href":"https:\/\/gazetaregionalna.com\/index.php?rest_route=%2Fwp%2Fv2%2Fmedia&parent=24302"}],"wp:term":[{"taxonomy":"category","embeddable":true,"href":"https:\/\/gazetaregionalna.com\/index.php?rest_route=%2Fwp%2Fv2%2Fcategories&post=24302"},{"taxonomy":"post_tag","embeddable":true,"href":"https:\/\/gazetaregionalna.com\/index.php?rest_route=%2Fwp%2Fv2%2Ftags&post=24302"}],"curies":[{"name":"wp","href":"https:\/\/api.w.org\/{rel}","templated":true}]}}