{"id":24229,"date":"2020-10-23T10:51:34","date_gmt":"2020-10-23T10:51:34","guid":{"rendered":"https:\/\/gazetaregionalna.com\/?p=24229"},"modified":"2020-10-23T10:51:36","modified_gmt":"2020-10-23T10:51:36","slug":"musashi-2","status":"publish","type":"post","link":"https:\/\/gazetaregionalna.com\/?p=24229","title":{"rendered":"Zawodnicy Klubu Musashi z \u017barek Letniska z 12 medalami"},"content":{"rendered":"\n<h2 class=\"wp-block-heading\">Podczas <strong>III edycja turnieju Silesian Open w Ju Jitsu<\/strong>, kt\u00f3re odby\u0142y si\u0119 18 pa\u017adziernika 2020 roku w Katowicach, zawodnicy klubu <strong>Musashi<\/strong> z \u017barek Letniska zdobyli dwana\u015bcie medali. Organizatorem turnieju by\u0142 \u015al\u0105ski Zwi\u0105zek Ju Jitsu.<\/h2>\n\n\n\n<figure class=\"wp-block-image size-large\"><img decoding=\"async\" width=\"1024\" height=\"768\" data-src=\"https:\/\/gazetaregionalna.com\/wp-content\/uploads\/2020\/10\/Pawel-Trefun-srebro-kat-66kg-fighting-1024x768.jpg\" alt=\"\" class=\"wp-image-24240 lazyload\" data-srcset=\"https:\/\/gazetaregionalna.com\/wp-content\/uploads\/2020\/10\/Pawel-Trefun-srebro-kat-66kg-fighting-1024x768.jpg 1024w, https:\/\/gazetaregionalna.com\/wp-content\/uploads\/2020\/10\/Pawel-Trefun-srebro-kat-66kg-fighting-300x225.jpg 300w, https:\/\/gazetaregionalna.com\/wp-content\/uploads\/2020\/10\/Pawel-Trefun-srebro-kat-66kg-fighting-768x576.jpg 768w, https:\/\/gazetaregionalna.com\/wp-content\/uploads\/2020\/10\/Pawel-Trefun-srebro-kat-66kg-fighting-80x60.jpg 80w, https:\/\/gazetaregionalna.com\/wp-content\/uploads\/2020\/10\/Pawel-Trefun-srebro-kat-66kg-fighting-265x198.jpg 265w, https:\/\/gazetaregionalna.com\/wp-content\/uploads\/2020\/10\/Pawel-Trefun-srebro-kat-66kg-fighting-696x522.jpg 696w, https:\/\/gazetaregionalna.com\/wp-content\/uploads\/2020\/10\/Pawel-Trefun-srebro-kat-66kg-fighting-1068x801.jpg 1068w, https:\/\/gazetaregionalna.com\/wp-content\/uploads\/2020\/10\/Pawel-Trefun-srebro-kat-66kg-fighting-560x420.jpg 560w, https:\/\/gazetaregionalna.com\/wp-content\/uploads\/2020\/10\/Pawel-Trefun-srebro-kat-66kg-fighting.jpg 1200w\" data-sizes=\"(max-width: 1024px) 100vw, 1024px\" src=\"data:image\/svg+xml;base64,PHN2ZyB3aWR0aD0iMSIgaGVpZ2h0PSIxIiB4bWxucz0iaHR0cDovL3d3dy53My5vcmcvMjAwMC9zdmciPjwvc3ZnPg==\" style=\"--smush-placeholder-width: 1024px; --smush-placeholder-aspect-ratio: 1024\/768;\" \/><figcaption>Fot: Klub Musashi<\/figcaption><\/figure>\n\n\n\n<p>Ze wzgl\u0119du na obostrzenia sanitarne tegoroczna edycja by\u0142a wyj\u0105tkowa, bo bez udzia\u0142u publiczno\u015bci. Mimo pandemii uda\u0142o si\u0119 sprawnie zrealizowa\u0107 zawody.   <\/p>\n\n\n\n<p>\nW\nturnieju wzi\u0119\u0142o udzia\u0142 246 zawodnik\u00f3w z 40 klub\u00f3w sportowych.\nDla  zawodnik\u00f3w z klubu Musashi by\u0142 on bardzo owocny w medale, bo\nzdobyli ich a\u017c 12.<\/p>\n\n\n\n<p>Wyniki:<\/p>\n\n\n\n<p><strong>U12:<\/strong><\/p>\n\n\n\n<ul class=\"wp-block-list\"><li>III\n\tmiejsce ne-waza &#8211; Kulak Jakub;\n\t<\/li><li>V\n\tmiejsce ne-waza &#8211; Marek Gabry\u015b.\n<\/li><\/ul>\n\n\n\n<p><strong>U14:<\/strong><\/p>\n\n\n\n<ul class=\"wp-block-list\"><li>I\n\tmiejsce fighting, I  miejsce ne-waza, I  miejsce ne-waza no gi &#8211;\n\tHejduk Wiktoria;\n\t<\/li><li>II\n\tmiejsce ne-waza,  III miejsce fighting &#8211; Maliszewska Zosia;\n\t<\/li><li>I\n\tmiejsce fighting &#8211; Aleks Kudrys.\n<\/li><\/ul>\n\n\n\n<p><strong>U16:<\/strong><\/p>\n\n\n\n<ul class=\"wp-block-list\"><li>II\n\tmiejsce  fighting &#8211; Hejduk Adam;\n\t<\/li><li>II\n\tmiejsce ne-waza \u2013 Trefu\u0144 Wojtek.\n<\/li><\/ul>\n\n\n\n<p><strong>U18:<\/strong><\/p>\n\n\n\n<ul class=\"wp-block-list\"><li>I miejsce  fighting 73kg, II miejsce  fighting 66kg, III miejsce  ne-waza &#8211;  Trefu\u0144 Pawe\u0142. <\/li><\/ul>\n\n\n\n<p><em>&#8211; \u201eBardzo dobrze spisali si\u0119 zawodnicy i zawodniczki naszego klubu na tym turnieju. Gatulacje!!!\u201d <\/em>&#8211; podsumowuj\u0105 trenerzy <strong>Krystian Paku\u0142a <\/strong>i <strong>Pawe\u0142 Janoszka<\/strong>.<\/p>\n\n\n\n<p>[post_gallery]<\/p>\n\n\n\n<p>Fot: Klub Musashi<\/p>\n","protected":false},"excerpt":{"rendered":"<p>Podczas III edycja turnieju Silesian Open w Ju Jitsu, kt\u00f3re odby\u0142y si\u0119 18 pa\u017adziernika 2020 roku w Katowicach, zawodnicy klubu Musashi z \u017barek Letniska<\/p>\n","protected":false},"author":12,"featured_media":24242,"comment_status":"open","ping_status":"open","sticky":false,"template":"","format":"standard","meta":{"_monsterinsights_skip_tracking":false,"_monsterinsights_sitenote_active":false,"_monsterinsights_sitenote_note":"","_monsterinsights_sitenote_category":0,"_uf_show_specific_survey":0,"_uf_disable_surveys":false,"footnotes":""},"categories":[94,26,11,5,2],"tags":[1124],"class_list":["post-24229","post","type-post","status-publish","format-standard","has-post-thumbnail","hentry","category-polecane","category-myszkow","category-pozostale","category-sport","category-wiadomosci","tag-klub-musashi"],"_links":{"self":[{"href":"https:\/\/gazetaregionalna.com\/index.php?rest_route=\/wp\/v2\/posts\/24229","targetHints":{"allow":["GET"]}}],"collection":[{"href":"https:\/\/gazetaregionalna.com\/index.php?rest_route=\/wp\/v2\/posts"}],"about":[{"href":"https:\/\/gazetaregionalna.com\/index.php?rest_route=\/wp\/v2\/types\/post"}],"author":[{"embeddable":true,"href":"https:\/\/gazetaregionalna.com\/index.php?rest_route=\/wp\/v2\/users\/12"}],"replies":[{"embeddable":true,"href":"https:\/\/gazetaregionalna.com\/index.php?rest_route=%2Fwp%2Fv2%2Fcomments&post=24229"}],"version-history":[{"count":2,"href":"https:\/\/gazetaregionalna.com\/index.php?rest_route=\/wp\/v2\/posts\/24229\/revisions"}],"predecessor-version":[{"id":24250,"href":"https:\/\/gazetaregionalna.com\/index.php?rest_route=\/wp\/v2\/posts\/24229\/revisions\/24250"}],"wp:featuredmedia":[{"embeddable":true,"href":"https:\/\/gazetaregionalna.com\/index.php?rest_route=\/wp\/v2\/media\/24242"}],"wp:attachment":[{"href":"https:\/\/gazetaregionalna.com\/index.php?rest_route=%2Fwp%2Fv2%2Fmedia&parent=24229"}],"wp:term":[{"taxonomy":"category","embeddable":true,"href":"https:\/\/gazetaregionalna.com\/index.php?rest_route=%2Fwp%2Fv2%2Fcategories&post=24229"},{"taxonomy":"post_tag","embeddable":true,"href":"https:\/\/gazetaregionalna.com\/index.php?rest_route=%2Fwp%2Fv2%2Ftags&post=24229"}],"curies":[{"name":"wp","href":"https:\/\/api.w.org\/{rel}","templated":true}]}}