{"id":23967,"date":"2020-10-20T18:52:12","date_gmt":"2020-10-20T18:52:12","guid":{"rendered":"https:\/\/gazetaregionalna.com\/?p=23967"},"modified":"2020-10-20T18:52:15","modified_gmt":"2020-10-20T18:52:15","slug":"azs-6","status":"publish","type":"post","link":"https:\/\/gazetaregionalna.com\/?p=23967","title":{"rendered":"Dwa mecze koszykarzy AZS Politechniki w cztery dni"},"content":{"rendered":"\n<p>Koszykarze AZS Politechniki Cz\u0119stochowa\nwe \u015brod\u0119 i w sobot\u0119 rozegraj\u0105 kolejne mecze w 2 lidze. W \u015brod\u0119\nna wyje\u017adzie zmierz\u0105 si\u0119 ze swoj\u0105 imienniczk\u0105 z Gliwic, a w\nsobot\u0119 w Hali Polonia podejmowa\u0107 b\u0119d\u0105 AZS AGH Krak\u00f3w.<\/p>\n\n\n\n<p>Koszykarze AZS maj\u0105 za sob\u0105 3 mecze w 2 lidze. Podopieczni trenera <strong>Dariusza Szynkiela<\/strong> wygrali 2 spotkania i w jednym musieli uzna\u0107 wy\u017cszo\u015b\u0107 rywali. W \u015brod\u0119 cz\u0119stochowianie jad\u0105 do Gliwic na mecz z Politechnik\u0105 \u015al\u0105ska. Rywale w trzech spotkaniach doznali trzech pora\u017cek. Kibice cz\u0119stochowskiej koszyk\u00f3wki licz\u0105 na trzeci\u0105 w sezonie wygran\u0105 podopiecznych trenera <strong>Szynkiela<\/strong>.<\/p>\n\n\n\n<p>Zdecydowanie trudniejszym przeciwnikiem b\u0119dzie w sobot\u0119 AGH Krak\u00f3w. Z uwagi na czerwon\u0105 stref\u0119 mecz odb\u0119dzie si\u0119 bez udzia\u0142u publiczno\u015bci. <\/p>\n\n\n\n<figure class=\"wp-block-image size-large\"><img decoding=\"async\" width=\"1024\" height=\"683\" data-src=\"https:\/\/gazetaregionalna.com\/wp-content\/uploads\/2020\/10\/Koszyk\u00f3wka-32-1024x683.jpg\" alt=\"\" class=\"wp-image-23136 lazyload\" data-srcset=\"https:\/\/gazetaregionalna.com\/wp-content\/uploads\/2020\/10\/Koszyk\u00f3wka-32-1024x683.jpg 1024w, https:\/\/gazetaregionalna.com\/wp-content\/uploads\/2020\/10\/Koszyk\u00f3wka-32-300x200.jpg 300w, https:\/\/gazetaregionalna.com\/wp-content\/uploads\/2020\/10\/Koszyk\u00f3wka-32-768x512.jpg 768w, https:\/\/gazetaregionalna.com\/wp-content\/uploads\/2020\/10\/Koszyk\u00f3wka-32-1536x1024.jpg 1536w, https:\/\/gazetaregionalna.com\/wp-content\/uploads\/2020\/10\/Koszyk\u00f3wka-32-696x464.jpg 696w, https:\/\/gazetaregionalna.com\/wp-content\/uploads\/2020\/10\/Koszyk\u00f3wka-32-1068x712.jpg 1068w, https:\/\/gazetaregionalna.com\/wp-content\/uploads\/2020\/10\/Koszyk\u00f3wka-32-630x420.jpg 630w, https:\/\/gazetaregionalna.com\/wp-content\/uploads\/2020\/10\/Koszyk\u00f3wka-32.jpg 1200w\" data-sizes=\"(max-width: 1024px) 100vw, 1024px\" src=\"data:image\/svg+xml;base64,PHN2ZyB3aWR0aD0iMSIgaGVpZ2h0PSIxIiB4bWxucz0iaHR0cDovL3d3dy53My5vcmcvMjAwMC9zdmciPjwvc3ZnPg==\" style=\"--smush-placeholder-width: 1024px; --smush-placeholder-aspect-ratio: 1024\/683;\" \/><\/figure>\n\n\n\n<p>Foto: Gazeta Regionalna  <\/p>\n","protected":false},"excerpt":{"rendered":"<p>Koszykarze AZS Politechniki Cz\u0119stochowa we \u015brod\u0119 i w sobot\u0119 rozegraj\u0105 kolejne mecze w 2 lidze. W \u015brod\u0119 na wyje\u017adzie zmierz\u0105 si\u0119 ze swoj\u0105 imienniczk\u0105<\/p>\n","protected":false},"author":15,"featured_media":23134,"comment_status":"open","ping_status":"open","sticky":false,"template":"","format":"standard","meta":{"_monsterinsights_skip_tracking":false,"_monsterinsights_sitenote_active":false,"_monsterinsights_sitenote_note":"","_monsterinsights_sitenote_category":0,"_uf_show_specific_survey":0,"_uf_disable_surveys":false,"footnotes":""},"categories":[5,9],"tags":[],"class_list":["post-23967","post","type-post","status-publish","format-standard","has-post-thumbnail","hentry","category-sport","category-koszykowka"],"_links":{"self":[{"href":"https:\/\/gazetaregionalna.com\/index.php?rest_route=\/wp\/v2\/posts\/23967","targetHints":{"allow":["GET"]}}],"collection":[{"href":"https:\/\/gazetaregionalna.com\/index.php?rest_route=\/wp\/v2\/posts"}],"about":[{"href":"https:\/\/gazetaregionalna.com\/index.php?rest_route=\/wp\/v2\/types\/post"}],"author":[{"embeddable":true,"href":"https:\/\/gazetaregionalna.com\/index.php?rest_route=\/wp\/v2\/users\/15"}],"replies":[{"embeddable":true,"href":"https:\/\/gazetaregionalna.com\/index.php?rest_route=%2Fwp%2Fv2%2Fcomments&post=23967"}],"version-history":[{"count":1,"href":"https:\/\/gazetaregionalna.com\/index.php?rest_route=\/wp\/v2\/posts\/23967\/revisions"}],"predecessor-version":[{"id":23968,"href":"https:\/\/gazetaregionalna.com\/index.php?rest_route=\/wp\/v2\/posts\/23967\/revisions\/23968"}],"wp:featuredmedia":[{"embeddable":true,"href":"https:\/\/gazetaregionalna.com\/index.php?rest_route=\/wp\/v2\/media\/23134"}],"wp:attachment":[{"href":"https:\/\/gazetaregionalna.com\/index.php?rest_route=%2Fwp%2Fv2%2Fmedia&parent=23967"}],"wp:term":[{"taxonomy":"category","embeddable":true,"href":"https:\/\/gazetaregionalna.com\/index.php?rest_route=%2Fwp%2Fv2%2Fcategories&post=23967"},{"taxonomy":"post_tag","embeddable":true,"href":"https:\/\/gazetaregionalna.com\/index.php?rest_route=%2Fwp%2Fv2%2Ftags&post=23967"}],"curies":[{"name":"wp","href":"https:\/\/api.w.org\/{rel}","templated":true}]}}