{"id":23811,"date":"2020-10-18T17:44:27","date_gmt":"2020-10-18T17:44:27","guid":{"rendered":"https:\/\/gazetaregionalna.com\/?p=23811"},"modified":"2020-10-18T17:44:29","modified_gmt":"2020-10-18T17:44:29","slug":"przerwa-13","status":"publish","type":"post","link":"https:\/\/gazetaregionalna.com\/?p=23811","title":{"rendered":"UWAGA! Przerwa w dostawie pr\u0105du w powiecie lublinieckim!"},"content":{"rendered":"\n<h2 class=\"wp-block-heading\">Dystrybutor\npr\u0105du TAURON planuje przerw\u0119 w dostawie energii na najbli\u017csze 5 dni w powiecie lublinieckim.<\/h2>\n\n\n\n<p>Brak\nw dostawie energii nast\u0105pi w gminie:<\/p>\n\n\n\n<p><strong>Ciasna&nbsp; 19 pa\u017adziernika 2020<\/strong> <strong>roku<\/strong> na ulicy:<\/p>\n\n\n\n<ul class=\"wp-block-list\"><li>Brzezinkowe, ul. Brzezinkowe od 23 do 27 od\ngodziny <strong>&nbsp;8:30 <\/strong>do <strong>14:00<\/strong>.<\/li><\/ul>\n\n\n\n<p>Dostawca\npr\u0105du TAURON przeprasza za utrudnienia.<\/p>\n\n\n\n<p>(\u0179r\u00f3d\u0142o:\nTAURON)<\/p>\n","protected":false},"excerpt":{"rendered":"<p>Dystrybutor pr\u0105du TAURON planuje przerw\u0119 w dostawie energii na najbli\u017csze 5 dni w powiecie lublinieckim. Brak w dostawie energii nast\u0105pi w gminie: Ciasna&nbsp; 19<\/p>\n","protected":false},"author":12,"featured_media":20314,"comment_status":"open","ping_status":"open","sticky":false,"template":"","format":"standard","meta":{"_monsterinsights_skip_tracking":false,"_monsterinsights_sitenote_active":false,"_monsterinsights_sitenote_note":"","_monsterinsights_sitenote_category":0,"_uf_show_specific_survey":0,"_uf_disable_surveys":false,"footnotes":""},"categories":[94,25,2],"tags":[],"class_list":["post-23811","post","type-post","status-publish","format-standard","has-post-thumbnail","hentry","category-polecane","category-lubliniec","category-wiadomosci"],"_links":{"self":[{"href":"https:\/\/gazetaregionalna.com\/index.php?rest_route=\/wp\/v2\/posts\/23811","targetHints":{"allow":["GET"]}}],"collection":[{"href":"https:\/\/gazetaregionalna.com\/index.php?rest_route=\/wp\/v2\/posts"}],"about":[{"href":"https:\/\/gazetaregionalna.com\/index.php?rest_route=\/wp\/v2\/types\/post"}],"author":[{"embeddable":true,"href":"https:\/\/gazetaregionalna.com\/index.php?rest_route=\/wp\/v2\/users\/12"}],"replies":[{"embeddable":true,"href":"https:\/\/gazetaregionalna.com\/index.php?rest_route=%2Fwp%2Fv2%2Fcomments&post=23811"}],"version-history":[{"count":1,"href":"https:\/\/gazetaregionalna.com\/index.php?rest_route=\/wp\/v2\/posts\/23811\/revisions"}],"predecessor-version":[{"id":23812,"href":"https:\/\/gazetaregionalna.com\/index.php?rest_route=\/wp\/v2\/posts\/23811\/revisions\/23812"}],"wp:featuredmedia":[{"embeddable":true,"href":"https:\/\/gazetaregionalna.com\/index.php?rest_route=\/wp\/v2\/media\/20314"}],"wp:attachment":[{"href":"https:\/\/gazetaregionalna.com\/index.php?rest_route=%2Fwp%2Fv2%2Fmedia&parent=23811"}],"wp:term":[{"taxonomy":"category","embeddable":true,"href":"https:\/\/gazetaregionalna.com\/index.php?rest_route=%2Fwp%2Fv2%2Fcategories&post=23811"},{"taxonomy":"post_tag","embeddable":true,"href":"https:\/\/gazetaregionalna.com\/index.php?rest_route=%2Fwp%2Fv2%2Ftags&post=23811"}],"curies":[{"name":"wp","href":"https:\/\/api.w.org\/{rel}","templated":true}]}}