{"id":23809,"date":"2020-10-18T17:37:43","date_gmt":"2020-10-18T17:37:43","guid":{"rendered":"https:\/\/gazetaregionalna.com\/?p=23809"},"modified":"2020-10-18T17:37:46","modified_gmt":"2020-10-18T17:37:46","slug":"przerwa-12","status":"publish","type":"post","link":"https:\/\/gazetaregionalna.com\/?p=23809","title":{"rendered":"UWAGA! Przerwa w dostawie pr\u0105du w powiecie k\u0142obuckim!"},"content":{"rendered":"\n<h2 class=\"wp-block-heading\">Dystrybutor\npr\u0105du TAURON planuje przerw\u0119 w dostawie energii na najbli\u017csze 5 dni w powiecie k\u0142obuckim.<\/h2>\n\n\n\n<p>Brak w dostawie energii nast\u0105pi w gminie:<\/p>\n\n\n\n<p><strong>Lipie 19 pa\u017adziernika 2020<\/strong>&nbsp;<strong>roku<\/strong>&nbsp;na ulicy:<\/p>\n\n\n\n<ul class=\"wp-block-list\"><li>Grabarze od 1 do 6 od godziny&nbsp;<strong>&nbsp;8:00&nbsp;<\/strong>do&nbsp;<strong>16:00<\/strong>.<\/li><\/ul>\n\n\n\n<p>Dostawca pr\u0105du TAURON przeprasza za\nutrudnienia.<\/p>\n\n\n\n<p>(\u0179r\u00f3d\u0142o: TAURON)<\/p>\n","protected":false},"excerpt":{"rendered":"<p>Dystrybutor pr\u0105du TAURON planuje przerw\u0119 w dostawie energii na najbli\u017csze 5 dni w powiecie k\u0142obuckim. Brak w dostawie energii nast\u0105pi w gminie: Lipie 19<\/p>\n","protected":false},"author":12,"featured_media":20314,"comment_status":"open","ping_status":"open","sticky":false,"template":"","format":"standard","meta":{"_monsterinsights_skip_tracking":false,"_monsterinsights_sitenote_active":false,"_monsterinsights_sitenote_note":"","_monsterinsights_sitenote_category":0,"_uf_show_specific_survey":0,"_uf_disable_surveys":false,"footnotes":""},"categories":[94,27,2],"tags":[],"class_list":["post-23809","post","type-post","status-publish","format-standard","has-post-thumbnail","hentry","category-polecane","category-klobuck-informacje","category-wiadomosci"],"_links":{"self":[{"href":"https:\/\/gazetaregionalna.com\/index.php?rest_route=\/wp\/v2\/posts\/23809","targetHints":{"allow":["GET"]}}],"collection":[{"href":"https:\/\/gazetaregionalna.com\/index.php?rest_route=\/wp\/v2\/posts"}],"about":[{"href":"https:\/\/gazetaregionalna.com\/index.php?rest_route=\/wp\/v2\/types\/post"}],"author":[{"embeddable":true,"href":"https:\/\/gazetaregionalna.com\/index.php?rest_route=\/wp\/v2\/users\/12"}],"replies":[{"embeddable":true,"href":"https:\/\/gazetaregionalna.com\/index.php?rest_route=%2Fwp%2Fv2%2Fcomments&post=23809"}],"version-history":[{"count":1,"href":"https:\/\/gazetaregionalna.com\/index.php?rest_route=\/wp\/v2\/posts\/23809\/revisions"}],"predecessor-version":[{"id":23810,"href":"https:\/\/gazetaregionalna.com\/index.php?rest_route=\/wp\/v2\/posts\/23809\/revisions\/23810"}],"wp:featuredmedia":[{"embeddable":true,"href":"https:\/\/gazetaregionalna.com\/index.php?rest_route=\/wp\/v2\/media\/20314"}],"wp:attachment":[{"href":"https:\/\/gazetaregionalna.com\/index.php?rest_route=%2Fwp%2Fv2%2Fmedia&parent=23809"}],"wp:term":[{"taxonomy":"category","embeddable":true,"href":"https:\/\/gazetaregionalna.com\/index.php?rest_route=%2Fwp%2Fv2%2Fcategories&post=23809"},{"taxonomy":"post_tag","embeddable":true,"href":"https:\/\/gazetaregionalna.com\/index.php?rest_route=%2Fwp%2Fv2%2Ftags&post=23809"}],"curies":[{"name":"wp","href":"https:\/\/api.w.org\/{rel}","templated":true}]}}