{"id":23807,"date":"2020-10-18T17:27:06","date_gmt":"2020-10-18T17:27:06","guid":{"rendered":"https:\/\/gazetaregionalna.com\/?p=23807"},"modified":"2020-10-18T17:27:09","modified_gmt":"2020-10-18T17:27:09","slug":"przerwa-11","status":"publish","type":"post","link":"https:\/\/gazetaregionalna.com\/?p=23807","title":{"rendered":"UWAGA! Przerwa w dostawie pr\u0105du w powiecie cz\u0119stochowskim!"},"content":{"rendered":"\n<h2 class=\"wp-block-heading\">Dystrybutor\npr\u0105du TAURON planuje przerw\u0119 w dostawie energii na najbli\u017csze 5 dni w powiecie cz\u0119stochowskim.<\/h2>\n\n\n\n<p>Brak w dostawie energii nast\u0105pi w gminie:<\/p>\n\n\n\n<p><strong>Cz\u0119stochowa 19\npa\u017adziernika 2020 roku<\/strong> na ulicy:<\/p>\n\n\n\n<ul class=\"wp-block-list\"><li>ul. \u0141ukasi\u0144skiego 31 od godziny <strong>8:00<\/strong> do <strong>16:00<\/strong>;<\/li><li>ul.\nArtyleryjska 60\/62 od godziny <strong>8:00<\/strong>\ndo <strong>17:00<\/strong>.<\/li><\/ul>\n\n\n\n<p><strong>Cz\u0119stochowa 22\npa\u017adziernika 2020 roku<\/strong> na ulicy:<\/p>\n\n\n\n<ul class=\"wp-block-list\"><li>ul.\nNiedu\u017ca 86 i dz. nr 315\/4 (ZK 13695) od godziny <strong>8:00<\/strong> do <strong>16:00<\/strong>.<\/li><\/ul>\n\n\n\n<p><strong>Blachownia<\/strong> <strong>22 pa\u017adziernika 2020<\/strong> <strong>roku<\/strong>\nna ulicy:<\/p>\n\n\n\n<ul class=\"wp-block-list\"><li>\u0141ojki, ul.\nD\u0142uga od 76 do 50 i od 69 do 51, ul. Piast\u00f3w 1,1 A i od 2 do 6, ul. Kopalnia od\n1 do 6 od\ngodziny <strong>8:00<\/strong> do <strong>10:00<\/strong>.<strong><\/strong><\/li><\/ul>\n\n\n\n<p><strong>D\u0105browa Zielona 19 pa\u017adziernika\n2020 roku<\/strong>\nna ulicy:<\/p>\n\n\n\n<ul class=\"wp-block-list\"><li>ul.\nReymonta od 18 do 56 i od 23 do 51 od godziny <strong>7:30<\/strong> do <strong>15:30<\/strong>.<\/li><\/ul>\n\n\n\n<p><strong>D\u0105browa Zielona 23\npa\u017adziernika 2020 roku<\/strong> na ulicy:<\/p>\n\n\n\n<ul class=\"wp-block-list\"><li>Ciel\u0119tniki,\nDzia\u0142ki Letniskowe, ul. Ogrodowa, Le\u015bnicz\u00f3wka od godziny <strong>7:30<\/strong> do <strong>14:00<\/strong>.<\/li><\/ul>\n\n\n\n<p><strong>Koniecpol<\/strong> <strong>23 pa\u017adziernika 2020<\/strong> <strong>roku<\/strong>\nna ulicy:<\/p>\n\n\n\n<ul class=\"wp-block-list\"><li>ul.\nSzkolna od 1 do 15 od godziny <strong>8:00<\/strong>\ndo <strong>13:00<\/strong>;<\/li><\/ul>\n\n\n\n<p><strong>Konopiska<\/strong> <strong>04 pa\u017adziernika 2020<\/strong> <strong>roku<\/strong>\nna ulicy:<\/p>\n\n\n\n<ul class=\"wp-block-list\"><li>W miejscowo\u015bci Skrajnica od godziny <strong>18:00<\/strong> do <strong>20:00<\/strong>.<\/li><\/ul>\n\n\n\n<p><strong>Lel\u00f3w<\/strong> <strong>20 pa\u017adziernika 2020<\/strong> <strong>roku<\/strong>\nna ulicy:<\/p>\n\n\n\n<ul class=\"wp-block-list\"><li>Skrajniwa,\nod 25 do 55 od godziny <strong>7:30<\/strong>\ndo <strong>13:30<\/strong>.<\/li><\/ul>\n\n\n\n<p><strong>Lel\u00f3w<\/strong> <strong>24 pa\u017adziernika 2020<\/strong> <strong>roku<\/strong>\nna ulicy:<\/p>\n\n\n\n<ul class=\"wp-block-list\"><li>Drochlin, od 95 do 142 i od 164 do 168 od\ngodziny <strong>9:00<\/strong> do <strong>14:00.<\/strong><\/li><\/ul>\n\n\n\n<p><strong>Przyr\u00f3w 20 pa\u017adziernika 2020 roku<\/strong> na ulicy:<\/p>\n\n\n\n<ul class=\"wp-block-list\"><li>ul.\nCz\u0119stochowska od 1 do 5 i od 2 do 22, ul. Rynek, ul. \u015awi\u0119tego Miko\u0142aja, ul.\n\u015awi\u0119tej Anny, ul. Szkolna od 1 do 37 i od 2 do 42, ul. Jasna, ul. Cmentarna,\nul. Zielona, ul. Nowa, ul. Rolnicza, ul. S\u0142oneczna, ul. Piaski, budynek Urz\u0119du\nGminy od godziny <strong>8:00<\/strong> do <strong>10:30;<\/strong><\/li><li>ul.\nCz\u0119stochowska od 9 do 25 i od 24 do 42, ul. Nadrzeczna, ul. Targowa od\ngodziny <strong>8:00<\/strong> do <strong>10:30.<\/strong><\/li><\/ul>\n\n\n\n<p><strong>Starcza<\/strong> <strong>20 pa\u017adziernika 2020<\/strong> <strong>roku<\/strong>\nna ulicy:<\/p>\n\n\n\n<ul class=\"wp-block-list\"><li>ul.\nBrzozowa od godziny <strong>8:00<\/strong>\ndo <strong>15:00<\/strong>.<\/li><\/ul>\n\n\n\n<p>Dostawca\npr\u0105du TAURON przeprasza za utrudnienia.<\/p>\n\n\n\n<p>(\u0179r\u00f3d\u0142o:\nTAURON)<\/p>\n","protected":false},"excerpt":{"rendered":"<p>Dystrybutor pr\u0105du TAURON planuje przerw\u0119 w dostawie energii na najbli\u017csze 5 dni w powiecie cz\u0119stochowskim. Brak w dostawie energii nast\u0105pi w gminie: Cz\u0119stochowa 19<\/p>\n","protected":false},"author":12,"featured_media":20314,"comment_status":"open","ping_status":"open","sticky":false,"template":"","format":"standard","meta":{"_monsterinsights_skip_tracking":false,"_monsterinsights_sitenote_active":false,"_monsterinsights_sitenote_note":"","_monsterinsights_sitenote_category":0,"_uf_show_specific_survey":0,"_uf_disable_surveys":false,"footnotes":""},"categories":[94,3,2],"tags":[],"class_list":["post-23807","post","type-post","status-publish","format-standard","has-post-thumbnail","hentry","category-polecane","category-czestochowa-informacje","category-wiadomosci"],"_links":{"self":[{"href":"https:\/\/gazetaregionalna.com\/index.php?rest_route=\/wp\/v2\/posts\/23807","targetHints":{"allow":["GET"]}}],"collection":[{"href":"https:\/\/gazetaregionalna.com\/index.php?rest_route=\/wp\/v2\/posts"}],"about":[{"href":"https:\/\/gazetaregionalna.com\/index.php?rest_route=\/wp\/v2\/types\/post"}],"author":[{"embeddable":true,"href":"https:\/\/gazetaregionalna.com\/index.php?rest_route=\/wp\/v2\/users\/12"}],"replies":[{"embeddable":true,"href":"https:\/\/gazetaregionalna.com\/index.php?rest_route=%2Fwp%2Fv2%2Fcomments&post=23807"}],"version-history":[{"count":1,"href":"https:\/\/gazetaregionalna.com\/index.php?rest_route=\/wp\/v2\/posts\/23807\/revisions"}],"predecessor-version":[{"id":23808,"href":"https:\/\/gazetaregionalna.com\/index.php?rest_route=\/wp\/v2\/posts\/23807\/revisions\/23808"}],"wp:featuredmedia":[{"embeddable":true,"href":"https:\/\/gazetaregionalna.com\/index.php?rest_route=\/wp\/v2\/media\/20314"}],"wp:attachment":[{"href":"https:\/\/gazetaregionalna.com\/index.php?rest_route=%2Fwp%2Fv2%2Fmedia&parent=23807"}],"wp:term":[{"taxonomy":"category","embeddable":true,"href":"https:\/\/gazetaregionalna.com\/index.php?rest_route=%2Fwp%2Fv2%2Fcategories&post=23807"},{"taxonomy":"post_tag","embeddable":true,"href":"https:\/\/gazetaregionalna.com\/index.php?rest_route=%2Fwp%2Fv2%2Ftags&post=23807"}],"curies":[{"name":"wp","href":"https:\/\/api.w.org\/{rel}","templated":true}]}}