{"id":23790,"date":"2020-10-18T14:42:05","date_gmt":"2020-10-18T14:42:05","guid":{"rendered":"https:\/\/gazetaregionalna.com\/?p=23790"},"modified":"2020-10-18T14:51:40","modified_gmt":"2020-10-18T14:51:40","slug":"uks-speedway-redziny-4","status":"publish","type":"post","link":"https:\/\/gazetaregionalna.com\/?p=23790","title":{"rendered":"UKS Speedway R\u0119dziny Dru\u017cynowym Wicemistrzem Polski w mini \u017cu\u017clu w sezonie 2020."},"content":{"rendered":"\n<h2 class=\"wp-block-heading\">UKS Speedway R\u0119dziny zdoby\u0142 w Toruniu srebrny medal DMP w mini \u017cu\u017clu<\/h2>\n\n\n\n<p> Team pod wodz\u0105 trenera J\u00f3zefa Kafla startowa\u0142 w sk\u0142adzie: kapitan Wiktor Andryszczak , Mi\u0142osz Kowalski oraz Krystian Gr\u0119da   Mistrzami zostali zawodnicy MKM\u017b Rybki Rybnik a br\u0105zowy medal przypad\u0142 zawodnikom SSSM Stal Toru\u0144. <\/p>\n\n\n\n<figure class=\"wp-block-image size-large\"><img decoding=\"async\" width=\"766\" height=\"1024\" data-src=\"https:\/\/gazetaregionalna.com\/wp-content\/uploads\/2020\/10\/121775208_1209963559396859_2909763295597623483_n-1-766x1024.jpg\" alt=\"\" class=\"wp-image-23803 lazyload\" data-srcset=\"https:\/\/gazetaregionalna.com\/wp-content\/uploads\/2020\/10\/121775208_1209963559396859_2909763295597623483_n-1-766x1024.jpg 766w, https:\/\/gazetaregionalna.com\/wp-content\/uploads\/2020\/10\/121775208_1209963559396859_2909763295597623483_n-1-225x300.jpg 225w, https:\/\/gazetaregionalna.com\/wp-content\/uploads\/2020\/10\/121775208_1209963559396859_2909763295597623483_n-1-768x1026.jpg 768w, https:\/\/gazetaregionalna.com\/wp-content\/uploads\/2020\/10\/121775208_1209963559396859_2909763295597623483_n-1-1150x1536.jpg 1150w, https:\/\/gazetaregionalna.com\/wp-content\/uploads\/2020\/10\/121775208_1209963559396859_2909763295597623483_n-1-696x930.jpg 696w, https:\/\/gazetaregionalna.com\/wp-content\/uploads\/2020\/10\/121775208_1209963559396859_2909763295597623483_n-1-1068x1427.jpg 1068w, https:\/\/gazetaregionalna.com\/wp-content\/uploads\/2020\/10\/121775208_1209963559396859_2909763295597623483_n-1-314x420.jpg 314w, https:\/\/gazetaregionalna.com\/wp-content\/uploads\/2020\/10\/121775208_1209963559396859_2909763295597623483_n-1.jpg 1198w\" data-sizes=\"(max-width: 766px) 100vw, 766px\" src=\"data:image\/svg+xml;base64,PHN2ZyB3aWR0aD0iMSIgaGVpZ2h0PSIxIiB4bWxucz0iaHR0cDovL3d3dy53My5vcmcvMjAwMC9zdmciPjwvc3ZnPg==\" style=\"--smush-placeholder-width: 766px; --smush-placeholder-aspect-ratio: 766\/1024;\" \/><\/figure>\n\n\n\n<figure class=\"wp-block-image size-large is-resized\"><img decoding=\"async\" data-src=\"https:\/\/gazetaregionalna.com\/wp-content\/uploads\/2020\/10\/121679839_3862248730473404_1658488730799846529_n-768x1024.jpg\" alt=\"\" class=\"wp-image-23791 lazyload\" width=\"696\" height=\"928\" data-srcset=\"https:\/\/gazetaregionalna.com\/wp-content\/uploads\/2020\/10\/121679839_3862248730473404_1658488730799846529_n-768x1024.jpg 768w, https:\/\/gazetaregionalna.com\/wp-content\/uploads\/2020\/10\/121679839_3862248730473404_1658488730799846529_n-225x300.jpg 225w, https:\/\/gazetaregionalna.com\/wp-content\/uploads\/2020\/10\/121679839_3862248730473404_1658488730799846529_n-1152x1536.jpg 1152w, https:\/\/gazetaregionalna.com\/wp-content\/uploads\/2020\/10\/121679839_3862248730473404_1658488730799846529_n-696x928.jpg 696w, https:\/\/gazetaregionalna.com\/wp-content\/uploads\/2020\/10\/121679839_3862248730473404_1658488730799846529_n-1068x1424.jpg 1068w, https:\/\/gazetaregionalna.com\/wp-content\/uploads\/2020\/10\/121679839_3862248730473404_1658488730799846529_n-315x420.jpg 315w, https:\/\/gazetaregionalna.com\/wp-content\/uploads\/2020\/10\/121679839_3862248730473404_1658488730799846529_n.jpg 1200w\" data-sizes=\"(max-width: 696px) 100vw, 696px\" src=\"data:image\/svg+xml;base64,PHN2ZyB3aWR0aD0iMSIgaGVpZ2h0PSIxIiB4bWxucz0iaHR0cDovL3d3dy53My5vcmcvMjAwMC9zdmciPjwvc3ZnPg==\" style=\"--smush-placeholder-width: 696px; --smush-placeholder-aspect-ratio: 696\/928;\" \/><figcaption>Wiktor Andryszczak<br><\/figcaption><\/figure>\n\n\n\n<p>Srebrni medali\u015bci w komplecie <\/p>\n\n\n\n<p><\/p>\n\n\n\n<figure class=\"wp-block-image size-large\"><img decoding=\"async\" width=\"766\" height=\"1024\" data-src=\"https:\/\/gazetaregionalna.com\/wp-content\/uploads\/2020\/10\/121726957_666105181009996_9131969879862983452_n-766x1024.jpg\" alt=\"\" class=\"wp-image-23793 lazyload\" data-srcset=\"https:\/\/gazetaregionalna.com\/wp-content\/uploads\/2020\/10\/121726957_666105181009996_9131969879862983452_n-766x1024.jpg 766w, https:\/\/gazetaregionalna.com\/wp-content\/uploads\/2020\/10\/121726957_666105181009996_9131969879862983452_n-225x300.jpg 225w, https:\/\/gazetaregionalna.com\/wp-content\/uploads\/2020\/10\/121726957_666105181009996_9131969879862983452_n-768x1026.jpg 768w, https:\/\/gazetaregionalna.com\/wp-content\/uploads\/2020\/10\/121726957_666105181009996_9131969879862983452_n-1150x1536.jpg 1150w, https:\/\/gazetaregionalna.com\/wp-content\/uploads\/2020\/10\/121726957_666105181009996_9131969879862983452_n-696x930.jpg 696w, https:\/\/gazetaregionalna.com\/wp-content\/uploads\/2020\/10\/121726957_666105181009996_9131969879862983452_n-1068x1427.jpg 1068w, https:\/\/gazetaregionalna.com\/wp-content\/uploads\/2020\/10\/121726957_666105181009996_9131969879862983452_n-314x420.jpg 314w, https:\/\/gazetaregionalna.com\/wp-content\/uploads\/2020\/10\/121726957_666105181009996_9131969879862983452_n.jpg 1198w\" data-sizes=\"(max-width: 766px) 100vw, 766px\" src=\"data:image\/svg+xml;base64,PHN2ZyB3aWR0aD0iMSIgaGVpZ2h0PSIxIiB4bWxucz0iaHR0cDovL3d3dy53My5vcmcvMjAwMC9zdmciPjwvc3ZnPg==\" style=\"--smush-placeholder-width: 766px; --smush-placeholder-aspect-ratio: 766\/1024;\" \/><\/figure>\n\n\n\n<figure class=\"wp-block-image size-large\"><img decoding=\"async\" width=\"768\" height=\"1024\" data-src=\"https:\/\/gazetaregionalna.com\/wp-content\/uploads\/2020\/10\/121682370_347384699673318_5884776548812090879_n-768x1024.jpg\" alt=\"\" class=\"wp-image-23794 lazyload\" data-srcset=\"https:\/\/gazetaregionalna.com\/wp-content\/uploads\/2020\/10\/121682370_347384699673318_5884776548812090879_n-768x1024.jpg 768w, https:\/\/gazetaregionalna.com\/wp-content\/uploads\/2020\/10\/121682370_347384699673318_5884776548812090879_n-225x300.jpg 225w, https:\/\/gazetaregionalna.com\/wp-content\/uploads\/2020\/10\/121682370_347384699673318_5884776548812090879_n-1152x1536.jpg 1152w, https:\/\/gazetaregionalna.com\/wp-content\/uploads\/2020\/10\/121682370_347384699673318_5884776548812090879_n-696x928.jpg 696w, https:\/\/gazetaregionalna.com\/wp-content\/uploads\/2020\/10\/121682370_347384699673318_5884776548812090879_n-1068x1424.jpg 1068w, https:\/\/gazetaregionalna.com\/wp-content\/uploads\/2020\/10\/121682370_347384699673318_5884776548812090879_n-315x420.jpg 315w, https:\/\/gazetaregionalna.com\/wp-content\/uploads\/2020\/10\/121682370_347384699673318_5884776548812090879_n.jpg 1200w\" data-sizes=\"(max-width: 768px) 100vw, 768px\" src=\"data:image\/svg+xml;base64,PHN2ZyB3aWR0aD0iMSIgaGVpZ2h0PSIxIiB4bWxucz0iaHR0cDovL3d3dy53My5vcmcvMjAwMC9zdmciPjwvc3ZnPg==\" style=\"--smush-placeholder-width: 768px; --smush-placeholder-aspect-ratio: 768\/1024;\" \/><\/figure>\n\n\n\n<p><\/p>\n","protected":false},"excerpt":{"rendered":"<p>UKS Speedway R\u0119dziny zdoby\u0142 w Toruniu srebrny medal DMP w mini \u017cu\u017clu Team pod wodz\u0105 trenera J\u00f3zefa Kafla startowa\u0142 w sk\u0142adzie: kapitan Wiktor Andryszczak<\/p>\n","protected":false},"author":2,"featured_media":0,"comment_status":"open","ping_status":"open","sticky":false,"template":"","format":"standard","meta":{"_monsterinsights_skip_tracking":false,"_monsterinsights_sitenote_active":false,"_monsterinsights_sitenote_note":"","_monsterinsights_sitenote_category":0,"_uf_show_specific_survey":0,"_uf_disable_surveys":false,"footnotes":""},"categories":[7],"tags":[327],"class_list":["post-23790","post","type-post","status-publish","format-standard","hentry","category-zuzel","tag-uks-speedway-redziny"],"_links":{"self":[{"href":"https:\/\/gazetaregionalna.com\/index.php?rest_route=\/wp\/v2\/posts\/23790","targetHints":{"allow":["GET"]}}],"collection":[{"href":"https:\/\/gazetaregionalna.com\/index.php?rest_route=\/wp\/v2\/posts"}],"about":[{"href":"https:\/\/gazetaregionalna.com\/index.php?rest_route=\/wp\/v2\/types\/post"}],"author":[{"embeddable":true,"href":"https:\/\/gazetaregionalna.com\/index.php?rest_route=\/wp\/v2\/users\/2"}],"replies":[{"embeddable":true,"href":"https:\/\/gazetaregionalna.com\/index.php?rest_route=%2Fwp%2Fv2%2Fcomments&post=23790"}],"version-history":[{"count":7,"href":"https:\/\/gazetaregionalna.com\/index.php?rest_route=\/wp\/v2\/posts\/23790\/revisions"}],"predecessor-version":[{"id":23806,"href":"https:\/\/gazetaregionalna.com\/index.php?rest_route=\/wp\/v2\/posts\/23790\/revisions\/23806"}],"wp:attachment":[{"href":"https:\/\/gazetaregionalna.com\/index.php?rest_route=%2Fwp%2Fv2%2Fmedia&parent=23790"}],"wp:term":[{"taxonomy":"category","embeddable":true,"href":"https:\/\/gazetaregionalna.com\/index.php?rest_route=%2Fwp%2Fv2%2Fcategories&post=23790"},{"taxonomy":"post_tag","embeddable":true,"href":"https:\/\/gazetaregionalna.com\/index.php?rest_route=%2Fwp%2Fv2%2Ftags&post=23790"}],"curies":[{"name":"wp","href":"https:\/\/api.w.org\/{rel}","templated":true}]}}