{"id":23715,"date":"2020-10-16T13:00:54","date_gmt":"2020-10-16T13:00:54","guid":{"rendered":"https:\/\/gazetaregionalna.com\/?p=23715"},"modified":"2020-10-16T13:00:57","modified_gmt":"2020-10-16T13:00:57","slug":"skra-czestochowa-30","status":"publish","type":"post","link":"https:\/\/gazetaregionalna.com\/?p=23715","title":{"rendered":"Skra Cz\u0119stochowa powalczy o punkty w Krakowie. Konfrontacja z Hutnikiem ju\u017c w najbli\u017csz\u0105 sobot\u0119, 17 pa\u017adziernika, niestety bez kibic\u00f3w."},"content":{"rendered":"\n<h4 class=\"wp-block-heading\"><strong>W sobot\u0119 o 15.00 na stadionie na Suchych Stawach, Skra Cz\u0119stochowa zmierzy si\u0119 z Hutnikiem Krak\u00f3w. Nasi zawodnicy stan\u0105 przed kolejn\u0105 szans\u0105 polepszenia dorobku punktowego, bowiem pi\u0142karze z grodu Kraka uzbierali tylko 7 punkt\u00f3w i zajmuj\u0105 odleg\u0142e, 15. miejsce w tabeli.<\/strong><\/h4>\n\n\n\n<p><a href=\"https:\/\/ks-skra.pl\/\" class=\"rank-math-link\" target=\"_blank\" rel=\"noopener\">Skra Cz\u0119stochowa<\/a> znalaz\u0142a w tym sezonie spos\u00f3b na zwyci\u0119stwa w starciach z ligowymi beniaminkami. Dotychczasowy bilans to trzy wygrane i remis, a by\u0107 mo\u017ce w sobot\u0119 nasi pi\u0142karze poprawi\u0105 zdobycze punktowe, bowiem do Krakowa jad\u0105 w roli faworyt\u00f3w. <\/p>\n\n\n\n<figure class=\"wp-block-image size-large\"><img decoding=\"async\" width=\"1000\" height=\"702\" data-src=\"https:\/\/gazetaregionalna.com\/wp-content\/uploads\/2020\/10\/Skra-razem.jpg\" alt=\"\" class=\"wp-image-23719 lazyload\" data-srcset=\"https:\/\/gazetaregionalna.com\/wp-content\/uploads\/2020\/10\/Skra-razem.jpg 1000w, https:\/\/gazetaregionalna.com\/wp-content\/uploads\/2020\/10\/Skra-razem-300x211.jpg 300w, https:\/\/gazetaregionalna.com\/wp-content\/uploads\/2020\/10\/Skra-razem-768x539.jpg 768w, https:\/\/gazetaregionalna.com\/wp-content\/uploads\/2020\/10\/Skra-razem-100x70.jpg 100w, https:\/\/gazetaregionalna.com\/wp-content\/uploads\/2020\/10\/Skra-razem-696x489.jpg 696w, https:\/\/gazetaregionalna.com\/wp-content\/uploads\/2020\/10\/Skra-razem-598x420.jpg 598w\" data-sizes=\"(max-width: 1000px) 100vw, 1000px\" src=\"data:image\/svg+xml;base64,PHN2ZyB3aWR0aD0iMSIgaGVpZ2h0PSIxIiB4bWxucz0iaHR0cDovL3d3dy53My5vcmcvMjAwMC9zdmciPjwvc3ZnPg==\" style=\"--smush-placeholder-width: 1000px; --smush-placeholder-aspect-ratio: 1000\/702;\" \/><figcaption>Skra Cz\u0119stochowa<\/figcaption><\/figure>\n\n\n\n<p>Mecz w Krakowie b\u0119dzie okazj\u0105 do obj\u0119cia samodzielnego\nprzodownictwa w klasyfikacji najlepszych strzelc\u00f3w w drugiej lidze przez Kamila\nWojtyr\u0119. Nasz napastnik, kt\u00f3ry z 8 trafieniami zosta\u0142 uznany objawieniem\nminionego miesi\u0105ca, dzieli fotel lidera z zawodnikiem Wigier Suwa\u0142ki \u2013 Kamilem Adamkiem.\nTak\u017ce trener Marek Go\u0142\u0119biewski ma powody do rado\u015bci, nie tylko ze wzgl\u0119du na\ndobre wyniki Skry. W tym tygodniu nasz selekcjoner zosta\u0142 wyr\u00f3\u017cniony przez\ntygodnik \u201ePi\u0142ka No\u017cna\u201d mianem trenera wrze\u015bnia w drugiej lidze.<\/p>\n\n\n\n<figure class=\"wp-block-image size-large\"><img decoding=\"async\" width=\"1000\" height=\"621\" data-src=\"https:\/\/gazetaregionalna.com\/wp-content\/uploads\/2020\/10\/nocek-olejnik.jpg\" alt=\"\" class=\"wp-image-23721 lazyload\" data-srcset=\"https:\/\/gazetaregionalna.com\/wp-content\/uploads\/2020\/10\/nocek-olejnik.jpg 1000w, https:\/\/gazetaregionalna.com\/wp-content\/uploads\/2020\/10\/nocek-olejnik-300x186.jpg 300w, https:\/\/gazetaregionalna.com\/wp-content\/uploads\/2020\/10\/nocek-olejnik-768x477.jpg 768w, https:\/\/gazetaregionalna.com\/wp-content\/uploads\/2020\/10\/nocek-olejnik-356x220.jpg 356w, https:\/\/gazetaregionalna.com\/wp-content\/uploads\/2020\/10\/nocek-olejnik-696x432.jpg 696w, https:\/\/gazetaregionalna.com\/wp-content\/uploads\/2020\/10\/nocek-olejnik-676x420.jpg 676w\" data-sizes=\"(max-width: 1000px) 100vw, 1000px\" src=\"data:image\/svg+xml;base64,PHN2ZyB3aWR0aD0iMSIgaGVpZ2h0PSIxIiB4bWxucz0iaHR0cDovL3d3dy53My5vcmcvMjAwMC9zdmciPjwvc3ZnPg==\" style=\"--smush-placeholder-width: 1000px; --smush-placeholder-aspect-ratio: 1000\/621;\" \/><figcaption>Skra Cz\u0119stochowa<\/figcaption><\/figure>\n\n\n\n<p>Na krakowskim stadionie zabraknie niestety kibic\u00f3w. Wszystko oczywi\u015bcie za spraw\u0105 szalej\u0105cej pandemii koronawirusa. Zmagania sportowe w naszym kraju b\u0119dzie mo\u017cna ogl\u0105da\u0107 jedynie w telewizji lub za pomoc\u0105 internetowych transmisji. Hutnik przeprowadzi transmisj\u0119 z meczu w systemie PPV. Koszt jednorazowego dost\u0119pu to 15 z\u0142. Pocz\u0105tek meczu wyznaczono na godzin\u0119 15.00. Spotkanie poprowadzi s\u0119dzia Jacek Lis z Katowic.<\/p>\n\n\n\n<p><a href=\"https:\/\/gazetaregionalna.com\/wp-admin\/post.php?post=23042&amp;action=edit\" class=\"rank-math-link\">Skra Cz\u0119stochowa wygrywa 3:0 z Soko\u0142em Ostr\u00f3da<\/a><\/p>\n","protected":false},"excerpt":{"rendered":"<p>W sobot\u0119 o 15.00 na stadionie na Suchych Stawach, Skra Cz\u0119stochowa zmierzy si\u0119 z Hutnikiem Krak\u00f3w. Nasi zawodnicy stan\u0105 przed kolejn\u0105 szans\u0105 polepszenia dorobku<\/p>\n","protected":false},"author":5,"featured_media":23717,"comment_status":"open","ping_status":"open","sticky":false,"template":"","format":"standard","meta":{"_monsterinsights_skip_tracking":false,"_monsterinsights_sitenote_active":false,"_monsterinsights_sitenote_note":"","_monsterinsights_sitenote_category":0,"_uf_show_specific_survey":0,"_uf_disable_surveys":false,"footnotes":""},"categories":[5,3,6,2],"tags":[],"class_list":["post-23715","post","type-post","status-publish","format-standard","has-post-thumbnail","hentry","category-sport","category-czestochowa-informacje","category-pilka-nozna","category-wiadomosci"],"_links":{"self":[{"href":"https:\/\/gazetaregionalna.com\/index.php?rest_route=\/wp\/v2\/posts\/23715","targetHints":{"allow":["GET"]}}],"collection":[{"href":"https:\/\/gazetaregionalna.com\/index.php?rest_route=\/wp\/v2\/posts"}],"about":[{"href":"https:\/\/gazetaregionalna.com\/index.php?rest_route=\/wp\/v2\/types\/post"}],"author":[{"embeddable":true,"href":"https:\/\/gazetaregionalna.com\/index.php?rest_route=\/wp\/v2\/users\/5"}],"replies":[{"embeddable":true,"href":"https:\/\/gazetaregionalna.com\/index.php?rest_route=%2Fwp%2Fv2%2Fcomments&post=23715"}],"version-history":[{"count":5,"href":"https:\/\/gazetaregionalna.com\/index.php?rest_route=\/wp\/v2\/posts\/23715\/revisions"}],"predecessor-version":[{"id":23723,"href":"https:\/\/gazetaregionalna.com\/index.php?rest_route=\/wp\/v2\/posts\/23715\/revisions\/23723"}],"wp:featuredmedia":[{"embeddable":true,"href":"https:\/\/gazetaregionalna.com\/index.php?rest_route=\/wp\/v2\/media\/23717"}],"wp:attachment":[{"href":"https:\/\/gazetaregionalna.com\/index.php?rest_route=%2Fwp%2Fv2%2Fmedia&parent=23715"}],"wp:term":[{"taxonomy":"category","embeddable":true,"href":"https:\/\/gazetaregionalna.com\/index.php?rest_route=%2Fwp%2Fv2%2Fcategories&post=23715"},{"taxonomy":"post_tag","embeddable":true,"href":"https:\/\/gazetaregionalna.com\/index.php?rest_route=%2Fwp%2Fv2%2Ftags&post=23715"}],"curies":[{"name":"wp","href":"https:\/\/api.w.org\/{rel}","templated":true}]}}