{"id":23706,"date":"2020-10-16T11:04:13","date_gmt":"2020-10-16T11:04:13","guid":{"rendered":"https:\/\/gazetaregionalna.com\/?p=23706"},"modified":"2020-10-16T11:13:43","modified_gmt":"2020-10-16T11:13:43","slug":"dwie-ponadpodstawowe-lublinieckie-szkoly-przechodza-na-zdalne-nauczanie","status":"publish","type":"post","link":"https:\/\/gazetaregionalna.com\/?p=23706","title":{"rendered":"Dwie ponadpodstawowe lublinieckie szko\u0142y przechodz\u0105 na zdalne nauczanie"},"content":{"rendered":"\n<h2 class=\"wp-block-heading\">Dwie ponadpodstawowe lublinieckie szko\u0142y przechodz\u0105 na zdalne nauczanie. <\/h2>\n\n\n\n<p>Stacjonarne zaj\u0119cia zosta\u0142y zawieszone  w Zespole Szk\u00f3\u0142 nr 1 im. A. Mickiewicza i Zespole Szk\u00f3\u0142 Og\u00f3lnokszta\u0142c\u0105co-Technicznych w Lubli\u0144cu. W sumie ponad 350 uczni\u00f3w uczestniczy\u0107 b\u0119dzie w lekcjach ze swoich dom\u00f3w za po\u015brednictwem internetu.<\/p>\n\n\n\n<p>Dyrekcje tych plac\u00f3wek ju\u017c kilka dni wcze\u015bniej, dwukrotnie wyst\u0119powa\u0142a o zgod\u0119 na to do lublinieckiego sanepidu. Za ka\u017cdy jednak razem nie dostawa\u0142y pozwolenia. Sanepid nie przekonywa\u0142 argument, \u017ce w szko\u0142ach jest coraz wi\u0119cej os\u00f3b na kwarantannach, \u017ce pojawi\u0142y si\u0119 pierwszy przypadki zaka\u017ce\u0144, a sama m\u0142odzie\u017c oraz nauczyciele s\u0105 zaniepokojeni rosn\u0105c\u0105 liczb\u0105 przypadk\u00f3w koronawirusa w samym mie\u015bcie i w powiecie. <\/p>\n\n\n\n<p>Tym razem, by\u0107 mo\u017ce pod wp\u0142ywem sytuacji w ca\u0142ym kraju, Pa\u0144stwowy Powiatowy Inspektor Sanitarny w Lubli\u0144cu przychyli\u0107 si\u0119 do wniosku szk\u00f3\u0142.<\/p>\n\n\n\n<p>(fot. Starostwo Powiatowe w Lubli\u0144cu)<\/p>\n","protected":false},"excerpt":{"rendered":"<p>Dwie ponadpodstawowe lublinieckie szko\u0142y przechodz\u0105 na zdalne nauczanie. Stacjonarne zaj\u0119cia zosta\u0142y zawieszone w Zespole Szk\u00f3\u0142 nr 1 im. A. Mickiewicza i Zespole Szk\u00f3\u0142 Og\u00f3lnokszta\u0142c\u0105co-Technicznych<\/p>\n","protected":false},"author":7,"featured_media":23711,"comment_status":"open","ping_status":"open","sticky":false,"template":"","format":"standard","meta":{"_monsterinsights_skip_tracking":false,"_monsterinsights_sitenote_active":false,"_monsterinsights_sitenote_note":"","_monsterinsights_sitenote_category":0,"_uf_show_specific_survey":0,"_uf_disable_surveys":false,"footnotes":""},"categories":[41,25,94,2],"tags":[1089],"class_list":["post-23706","post","type-post","status-publish","format-standard","has-post-thumbnail","hentry","category-edukacja","category-lubliniec","category-polecane","category-wiadomosci","tag-dwie-ponadpodstawowe-lublinieckie-szkoly-przechodza-na-zdalne-nauczanie"],"_links":{"self":[{"href":"https:\/\/gazetaregionalna.com\/index.php?rest_route=\/wp\/v2\/posts\/23706","targetHints":{"allow":["GET"]}}],"collection":[{"href":"https:\/\/gazetaregionalna.com\/index.php?rest_route=\/wp\/v2\/posts"}],"about":[{"href":"https:\/\/gazetaregionalna.com\/index.php?rest_route=\/wp\/v2\/types\/post"}],"author":[{"embeddable":true,"href":"https:\/\/gazetaregionalna.com\/index.php?rest_route=\/wp\/v2\/users\/7"}],"replies":[{"embeddable":true,"href":"https:\/\/gazetaregionalna.com\/index.php?rest_route=%2Fwp%2Fv2%2Fcomments&post=23706"}],"version-history":[{"count":7,"href":"https:\/\/gazetaregionalna.com\/index.php?rest_route=\/wp\/v2\/posts\/23706\/revisions"}],"predecessor-version":[{"id":23714,"href":"https:\/\/gazetaregionalna.com\/index.php?rest_route=\/wp\/v2\/posts\/23706\/revisions\/23714"}],"wp:featuredmedia":[{"embeddable":true,"href":"https:\/\/gazetaregionalna.com\/index.php?rest_route=\/wp\/v2\/media\/23711"}],"wp:attachment":[{"href":"https:\/\/gazetaregionalna.com\/index.php?rest_route=%2Fwp%2Fv2%2Fmedia&parent=23706"}],"wp:term":[{"taxonomy":"category","embeddable":true,"href":"https:\/\/gazetaregionalna.com\/index.php?rest_route=%2Fwp%2Fv2%2Fcategories&post=23706"},{"taxonomy":"post_tag","embeddable":true,"href":"https:\/\/gazetaregionalna.com\/index.php?rest_route=%2Fwp%2Fv2%2Ftags&post=23706"}],"curies":[{"name":"wp","href":"https:\/\/api.w.org\/{rel}","templated":true}]}}