{"id":23702,"date":"2020-10-16T10:52:06","date_gmt":"2020-10-16T10:52:06","guid":{"rendered":"https:\/\/gazetaregionalna.com\/?p=23702"},"modified":"2020-10-16T10:52:09","modified_gmt":"2020-10-16T10:52:09","slug":"w-lublincu-wydluzono-godziny-rejestracji-do-punktu-pobierania-wymazow-drive-thru","status":"publish","type":"post","link":"https:\/\/gazetaregionalna.com\/?p=23702","title":{"rendered":"W Lubli\u0144cu wyd\u0142u\u017cono godziny rejestracji do punktu pobierania wymaz\u00f3w drive-thru"},"content":{"rendered":"\n<h2 class=\"wp-block-heading\">  W Lubli\u0144cu wyd\u0142u\u017cono godziny rejestracji do punktu pobierania wymaz\u00f3w drive-thru <\/h2>\n\n\n\n<p> W Lubli\u0144cu wyd\u0142u\u017cono godziny rejestracji do punktu pobierania wymaz\u00f3w drive-thru. Jak informuje Starostwo Powiatowe  wLubli\u0144\u0107u, teraz mo\u017cna tam dzwoni\u0107  codziennie, tak\u017ce r\u00f3wnie\u017c w soboty i niedziele, w godzinach 8 \u2013 15. Rejestracja prowadzona jest pod numerem 735 208 039.<\/p>\n\n\n\n<p>Wymazy pobierane s\u0105 codziennie w godzinach 13:00-15:15. Jak zapewnia powiat, w razie du\u017cej ilo\u015bci pacjent\u00f3w czas ten zostanie wyd\u0142u\u017cony.<\/p>\n\n\n\n<p>\nWymazu\ndokonuje si\u0119 wy\u0142\u0105cznie na podstawie skierowania, kt\u00f3re wystawi\nlekarz POZ. Ka\u017cdy pacjent, po pobraniu wymazu dostanie numer pr\u00f3bki,\ndzi\u0119ki kt\u00f3remu b\u0119dzie m\u00f3g\u0142 sprawdzi\u0107 wynik badania.<\/p>\n\n\n\n<p>\nRezultat\nbadania mo\u017cesz sprawdzi\u0107 loguj\u0105c si\u0119 na:<\/p>\n\n\n\n<p><strong><a href=\"https:\/\/covid19.gyncentrum.pl\/sanepid\/\" target=\"_blank\" rel=\"noopener\"><strong>covid19.gyncentrum.pl\/sanepid\/<\/strong><\/a><\/strong><\/p>\n\n\n\n<p>\nPunkt\ndrive-thru zlokalizowany jest przy Szpitalu Powiatowym w Lubli\u0144cu,\nwjazd od strony ulicy Grunwaldzkiej.<\/p>\n\n\n\n<p> Starostwo Powiatowe przypomina, \u017ce do punktu nale\u017cy przyjecha\u0107  wy\u0142\u0105cznie w\u0142asnym samochodem.<\/p>\n\n\n\n<p>(fot. Starostwo Powiatowe w Lubli\u0144cu)<\/p>\n","protected":false},"excerpt":{"rendered":"<p>W Lubli\u0144cu wyd\u0142u\u017cono godziny rejestracji do punktu pobierania wymaz\u00f3w drive-thru W Lubli\u0144cu wyd\u0142u\u017cono godziny rejestracji do punktu pobierania wymaz\u00f3w drive-thru. Jak informuje Starostwo Powiatowe<\/p>\n","protected":false},"author":7,"featured_media":23704,"comment_status":"open","ping_status":"open","sticky":false,"template":"","format":"standard","meta":{"_monsterinsights_skip_tracking":false,"_monsterinsights_sitenote_active":false,"_monsterinsights_sitenote_note":"","_monsterinsights_sitenote_category":0,"_uf_show_specific_survey":0,"_uf_disable_surveys":false,"footnotes":""},"categories":[25,94,2],"tags":[1088],"class_list":["post-23702","post","type-post","status-publish","format-standard","has-post-thumbnail","hentry","category-lubliniec","category-polecane","category-wiadomosci","tag-w-lublincu-wydluzono-godziny-rejestracji-do-punktu-pobierania-wymazow-drive-thru"],"_links":{"self":[{"href":"https:\/\/gazetaregionalna.com\/index.php?rest_route=\/wp\/v2\/posts\/23702","targetHints":{"allow":["GET"]}}],"collection":[{"href":"https:\/\/gazetaregionalna.com\/index.php?rest_route=\/wp\/v2\/posts"}],"about":[{"href":"https:\/\/gazetaregionalna.com\/index.php?rest_route=\/wp\/v2\/types\/post"}],"author":[{"embeddable":true,"href":"https:\/\/gazetaregionalna.com\/index.php?rest_route=\/wp\/v2\/users\/7"}],"replies":[{"embeddable":true,"href":"https:\/\/gazetaregionalna.com\/index.php?rest_route=%2Fwp%2Fv2%2Fcomments&post=23702"}],"version-history":[{"count":2,"href":"https:\/\/gazetaregionalna.com\/index.php?rest_route=\/wp\/v2\/posts\/23702\/revisions"}],"predecessor-version":[{"id":23705,"href":"https:\/\/gazetaregionalna.com\/index.php?rest_route=\/wp\/v2\/posts\/23702\/revisions\/23705"}],"wp:featuredmedia":[{"embeddable":true,"href":"https:\/\/gazetaregionalna.com\/index.php?rest_route=\/wp\/v2\/media\/23704"}],"wp:attachment":[{"href":"https:\/\/gazetaregionalna.com\/index.php?rest_route=%2Fwp%2Fv2%2Fmedia&parent=23702"}],"wp:term":[{"taxonomy":"category","embeddable":true,"href":"https:\/\/gazetaregionalna.com\/index.php?rest_route=%2Fwp%2Fv2%2Fcategories&post=23702"},{"taxonomy":"post_tag","embeddable":true,"href":"https:\/\/gazetaregionalna.com\/index.php?rest_route=%2Fwp%2Fv2%2Ftags&post=23702"}],"curies":[{"name":"wp","href":"https:\/\/api.w.org\/{rel}","templated":true}]}}