{"id":23696,"date":"2020-10-16T09:21:00","date_gmt":"2020-10-16T09:21:00","guid":{"rendered":"https:\/\/gazetaregionalna.com\/?p=23696"},"modified":"2020-10-16T09:21:03","modified_gmt":"2020-10-16T09:21:03","slug":"poczta-polska-wypuscila-dzisiaj-znaczek-upamietniajacy-postac-swietego-jana-pawla-ii","status":"publish","type":"post","link":"https:\/\/gazetaregionalna.com\/?p=23696","title":{"rendered":"Poczta Polska wypu\u015bci\u0142a dzisiaj znaczek upami\u0119tniaj\u0105cy posta\u0107 \u015awi\u0119tego Jana  Paw\u0142a II"},"content":{"rendered":"\n<h2 class=\"wp-block-heading\">Poczta Polska wypu\u015bci\u0142a dzisiaj znaczek upami\u0119tniaj\u0105cy posta\u0107 \u015awi\u0119tego Jana  Paw\u0142a II.<\/h2>\n\n\n\n<p>Dzisiejsza data emisji znaczka nie jest przypadkowa. W\u0142a\u015bnie dzisiaj obchodzimy Dzie\u0144 Papieski. 16 pa\u017adziernika 1978 roku arcybiskup Krakowa kardyna\u0142 Karol Wojty\u0142a zosta\u0142 niespodziewanie wybrany na\u00a0Stolic\u0119 Piotrow\u0105, przybieraj\u0105c imi\u0119 Jan\u00a0Pawe\u0142 II. Zosta\u0142 on 264. papie\u017cem i zarazem pierwszym po 455 latach nast\u0119pc\u0105 \u015bw. Piotra nie-W\u0142ochem, i pierwszym papie\u017cem S\u0142owianinem.<\/p>\n\n\n\n<figure class=\"wp-block-image size-large\"><img decoding=\"async\" width=\"1000\" height=\"670\" data-src=\"https:\/\/gazetaregionalna.com\/wp-content\/uploads\/2020\/10\/znaczek.jpg\" alt=\"\" class=\"wp-image-23698 lazyload\" data-srcset=\"https:\/\/gazetaregionalna.com\/wp-content\/uploads\/2020\/10\/znaczek.jpg 1000w, https:\/\/gazetaregionalna.com\/wp-content\/uploads\/2020\/10\/znaczek-300x201.jpg 300w, https:\/\/gazetaregionalna.com\/wp-content\/uploads\/2020\/10\/znaczek-768x515.jpg 768w, https:\/\/gazetaregionalna.com\/wp-content\/uploads\/2020\/10\/znaczek-696x466.jpg 696w, https:\/\/gazetaregionalna.com\/wp-content\/uploads\/2020\/10\/znaczek-627x420.jpg 627w\" data-sizes=\"(max-width: 1000px) 100vw, 1000px\" src=\"data:image\/svg+xml;base64,PHN2ZyB3aWR0aD0iMSIgaGVpZ2h0PSIxIiB4bWxucz0iaHR0cDovL3d3dy53My5vcmcvMjAwMC9zdmciPjwvc3ZnPg==\" style=\"--smush-placeholder-width: 1000px; --smush-placeholder-aspect-ratio: 1000\/670;\" \/><\/figure>\n\n\n\n<p>Dzisiaj Poczta Polska wprowadza do obiegu znaczek pocztowy z przywieszk\u0105 emisji \u201e100. rocznica urodzin \u015awi\u0119tego Jana Paw\u0142a II&#8221;.<\/p>\n\n\n\n<p>To kolejna wsp\u00f3lna inicjatywa Polski i Watykanu w ramach wydawnictw filatelistycznych.<\/p>\n\n\n\n<p>\nAutork\u0105\nprojektu jest Agnieszka Sobczy\u0144ska. Artystka przedstawi\u0142a na\nznaczku wizerunek \u015awi\u0119tego Jana Paw\u0142a II w aureoli, na tle\nelementu zdobniczego &#8211; fragmentu haftu siostry \u0141ucji dos\nSantos&nbsp;(portugalskiej zakonnicy, \u015bwiadka objawie\u0144\nmaryjnych w F\u00e1timie w 1917). W lewym dolnym rogu przywieszki do\nznaczka&nbsp;widnieje napis 100, wpisany w&nbsp;herb\npapieski &#8211; dwa klucze. \n<\/p>\n\n\n\n<p>\nJak\ninformuje Poczta Polska, przywieszka wyst\u0119puje w trzech wersjach\ngraficznych i przedstawia kolejno:&nbsp;Karola Wojty\u0142\u0119 z Mam\u0105;\nKardyna\u0142a Stefana Wyszy\u0144skiego, Prymasa Polski i Kardyna\u0142a Karola\nWojty\u0142\u0119 i ostatnia \u2013 papie\u017ca Jana Paw\u0142a II na Placu \u015bw. Piotra\nw Rzymie.<\/p>\n\n\n\n<figure class=\"wp-block-image size-large\"><img decoding=\"async\" width=\"1000\" height=\"500\" data-src=\"https:\/\/gazetaregionalna.com\/wp-content\/uploads\/2020\/10\/koperta.jpg\" alt=\"\" class=\"wp-image-23699 lazyload\" data-srcset=\"https:\/\/gazetaregionalna.com\/wp-content\/uploads\/2020\/10\/koperta.jpg 1000w, https:\/\/gazetaregionalna.com\/wp-content\/uploads\/2020\/10\/koperta-300x150.jpg 300w, https:\/\/gazetaregionalna.com\/wp-content\/uploads\/2020\/10\/koperta-768x384.jpg 768w, https:\/\/gazetaregionalna.com\/wp-content\/uploads\/2020\/10\/koperta-696x348.jpg 696w, https:\/\/gazetaregionalna.com\/wp-content\/uploads\/2020\/10\/koperta-840x420.jpg 840w\" data-sizes=\"(max-width: 1000px) 100vw, 1000px\" src=\"data:image\/svg+xml;base64,PHN2ZyB3aWR0aD0iMSIgaGVpZ2h0PSIxIiB4bWxucz0iaHR0cDovL3d3dy53My5vcmcvMjAwMC9zdmciPjwvc3ZnPg==\" style=\"--smush-placeholder-width: 1000px; --smush-placeholder-aspect-ratio: 1000\/500;\" \/><\/figure>\n\n\n\n<p>To nie koniec pomys\u0142\u00f3w Poczty na upami\u0119tnienie postaci tego wielkiego Polaka. Poza znaczkiem wyda\u0142a ona tak\u017ce, w\u00a0limitowanej wersji, kopert\u0119 FDC, czyli kopert\u0119 Pierwszego Dnia Obiegu. Widniej\u0105 na niej zdj\u0119cie m\u0142odego Karola Wojty\u0142y ze zbior\u00f3w Muzeum Dom Rodziny Ojca \u015awi\u0119tego Jana Paw\u0142a II oraz jeden z cytat\u00f3w papie\u017ca Polaka.<\/p>\n","protected":false},"excerpt":{"rendered":"<p>Poczta Polska wypu\u015bci\u0142a dzisiaj znaczek upami\u0119tniaj\u0105cy posta\u0107 \u015awi\u0119tego Jana Paw\u0142a II. Dzisiejsza data emisji znaczka nie jest przypadkowa. W\u0142a\u015bnie dzisiaj obchodzimy Dzie\u0144 Papieski. 16<\/p>\n","protected":false},"author":7,"featured_media":23700,"comment_status":"open","ping_status":"open","sticky":false,"template":"","format":"standard","meta":{"_monsterinsights_skip_tracking":false,"_monsterinsights_sitenote_active":false,"_monsterinsights_sitenote_note":"","_monsterinsights_sitenote_category":0,"_uf_show_specific_survey":0,"_uf_disable_surveys":false,"footnotes":""},"categories":[94,2],"tags":[],"class_list":["post-23696","post","type-post","status-publish","format-standard","has-post-thumbnail","hentry","category-polecane","category-wiadomosci"],"_links":{"self":[{"href":"https:\/\/gazetaregionalna.com\/index.php?rest_route=\/wp\/v2\/posts\/23696","targetHints":{"allow":["GET"]}}],"collection":[{"href":"https:\/\/gazetaregionalna.com\/index.php?rest_route=\/wp\/v2\/posts"}],"about":[{"href":"https:\/\/gazetaregionalna.com\/index.php?rest_route=\/wp\/v2\/types\/post"}],"author":[{"embeddable":true,"href":"https:\/\/gazetaregionalna.com\/index.php?rest_route=\/wp\/v2\/users\/7"}],"replies":[{"embeddable":true,"href":"https:\/\/gazetaregionalna.com\/index.php?rest_route=%2Fwp%2Fv2%2Fcomments&post=23696"}],"version-history":[{"count":2,"href":"https:\/\/gazetaregionalna.com\/index.php?rest_route=\/wp\/v2\/posts\/23696\/revisions"}],"predecessor-version":[{"id":23701,"href":"https:\/\/gazetaregionalna.com\/index.php?rest_route=\/wp\/v2\/posts\/23696\/revisions\/23701"}],"wp:featuredmedia":[{"embeddable":true,"href":"https:\/\/gazetaregionalna.com\/index.php?rest_route=\/wp\/v2\/media\/23700"}],"wp:attachment":[{"href":"https:\/\/gazetaregionalna.com\/index.php?rest_route=%2Fwp%2Fv2%2Fmedia&parent=23696"}],"wp:term":[{"taxonomy":"category","embeddable":true,"href":"https:\/\/gazetaregionalna.com\/index.php?rest_route=%2Fwp%2Fv2%2Fcategories&post=23696"},{"taxonomy":"post_tag","embeddable":true,"href":"https:\/\/gazetaregionalna.com\/index.php?rest_route=%2Fwp%2Fv2%2Ftags&post=23696"}],"curies":[{"name":"wp","href":"https:\/\/api.w.org\/{rel}","templated":true}]}}