{"id":23685,"date":"2020-10-16T08:07:28","date_gmt":"2020-10-16T08:07:28","guid":{"rendered":"https:\/\/gazetaregionalna.com\/?p=23685"},"modified":"2020-10-16T08:10:25","modified_gmt":"2020-10-16T08:10:25","slug":"karetka-wozila-ja-do-sor-u-do-sor-u-87-latka-zmarla-teraz-sprawa-zajela-sie-czestochowska-prokuratura","status":"publish","type":"post","link":"https:\/\/gazetaregionalna.com\/?p=23685","title":{"rendered":"Karetka wozi\u0142a j\u0105 od SOR-u- do SOR-u. 87-latka zmar\u0142a. Teraz spraw\u0105 zaj\u0119\u0142a si\u0119 cz\u0119stochowska prokuratura"},"content":{"rendered":"\n<h2 class=\"wp-block-heading\">Karetka wozi\u0142a j\u0105 od SOR-u- do SOR-u. 87-latka zmar\u0142a. Teraz spraw\u0105 zaj\u0119\u0142a si\u0119 cz\u0119stochowska prokuratura.  <\/h2>\n\n\n\n<p>\nDla\n87-letniej pacjentki z niewydolno\u015bci\u0105 kr\u0105\u017cenia nie znalaz\u0142o si\u0119\nna czas miejsce w szpitalu. Dwie godziny by\u0142a wo\u017cona pomi\u0119dzy\noddzia\u0142ami ratunkowymi, a\u017c na udzielenie pomocy by\u0142o ju\u017c za p\u00f3\u017ano\ni kobieta zmar\u0142a na trzecim oddziale ratunkowym, na kt\u00f3ry\nprzewioz\u0142a j\u0105 karetka pogotowia.<\/p>\n\n\n\n<p>\nPacjenta\nskar\u017cy\u0142a si\u0119 na duszno\u015bci, co mog\u0142o sugerowa\u0107 koronawirusa. Z\ntego powodu nie zosta\u0142a przyj\u0119ta w pierwszym ze szpitali, szpitala\nmiejskiego. kt\u00f3ry nie posiada\u0142 miejsc przygotowanych za opieki nad\nosobami z COVID-19. 87-latk\u0119 zabrano si\u0119 do kolejnego szpitala, na\noddzia\u0142 zaka\u017any przy ul. PCK w Cz\u0119stochowie. Tam jednak uznano, \u017ce\nnie ma ona wystarczaj\u0105cych objaw\u00f3w, aby zdiagnozowa\u0107 u niej\nkoronawirusa. Zapad\u0142a wi\u0119c decyzja, \u017ce kobieta powinna trafi\u0107 na\nzwyk\u0142y SOR szpitala przy ul. Bialskiej. Niestety tam, czekaj\u0105c na\nprzyj\u0119cie do szpitala kobieta zmar\u0142a.<\/p>\n\n\n\n<p>\nSpraw\u0119\nbada Prokuratura Okr\u0119gowa w Cz\u0119stochowie. Biegli sprawc\u0105, co by\u0142o\nprzyczyn\u0105 \u015bmierci pacjentki. Ju\u017c teraz jednak wiadomo, \u017ce nie\nby\u0142a zaka\u017cona koronawirusem.<\/p>\n","protected":false},"excerpt":{"rendered":"<p>Karetka wozi\u0142a j\u0105 od SOR-u- do SOR-u. 87-latka zmar\u0142a. Teraz spraw\u0105 zaj\u0119\u0142a si\u0119 cz\u0119stochowska prokuratura. Dla 87-letniej pacjentki z niewydolno\u015bci\u0105 kr\u0105\u017cenia nie znalaz\u0142o si\u0119<\/p>\n","protected":false},"author":7,"featured_media":23687,"comment_status":"open","ping_status":"open","sticky":false,"template":"","format":"standard","meta":{"_monsterinsights_skip_tracking":false,"_monsterinsights_sitenote_active":false,"_monsterinsights_sitenote_note":"","_monsterinsights_sitenote_category":0,"_uf_show_specific_survey":0,"_uf_disable_surveys":false,"footnotes":""},"categories":[3,94,2],"tags":[1084],"class_list":["post-23685","post","type-post","status-publish","format-standard","has-post-thumbnail","hentry","category-czestochowa-informacje","category-polecane","category-wiadomosci","tag-karetka-wozila-ja-do-sor-u-do-sor-u-87-latka-zmarla-teraz-sprawa-zajela-sie-czestochowska-prokuratura"],"_links":{"self":[{"href":"https:\/\/gazetaregionalna.com\/index.php?rest_route=\/wp\/v2\/posts\/23685","targetHints":{"allow":["GET"]}}],"collection":[{"href":"https:\/\/gazetaregionalna.com\/index.php?rest_route=\/wp\/v2\/posts"}],"about":[{"href":"https:\/\/gazetaregionalna.com\/index.php?rest_route=\/wp\/v2\/types\/post"}],"author":[{"embeddable":true,"href":"https:\/\/gazetaregionalna.com\/index.php?rest_route=\/wp\/v2\/users\/7"}],"replies":[{"embeddable":true,"href":"https:\/\/gazetaregionalna.com\/index.php?rest_route=%2Fwp%2Fv2%2Fcomments&post=23685"}],"version-history":[{"count":3,"href":"https:\/\/gazetaregionalna.com\/index.php?rest_route=\/wp\/v2\/posts\/23685\/revisions"}],"predecessor-version":[{"id":23689,"href":"https:\/\/gazetaregionalna.com\/index.php?rest_route=\/wp\/v2\/posts\/23685\/revisions\/23689"}],"wp:featuredmedia":[{"embeddable":true,"href":"https:\/\/gazetaregionalna.com\/index.php?rest_route=\/wp\/v2\/media\/23687"}],"wp:attachment":[{"href":"https:\/\/gazetaregionalna.com\/index.php?rest_route=%2Fwp%2Fv2%2Fmedia&parent=23685"}],"wp:term":[{"taxonomy":"category","embeddable":true,"href":"https:\/\/gazetaregionalna.com\/index.php?rest_route=%2Fwp%2Fv2%2Fcategories&post=23685"},{"taxonomy":"post_tag","embeddable":true,"href":"https:\/\/gazetaregionalna.com\/index.php?rest_route=%2Fwp%2Fv2%2Ftags&post=23685"}],"curies":[{"name":"wp","href":"https:\/\/api.w.org\/{rel}","templated":true}]}}