{"id":23667,"date":"2020-10-16T07:11:47","date_gmt":"2020-10-16T07:11:47","guid":{"rendered":"https:\/\/gazetaregionalna.com\/?p=23667"},"modified":"2020-10-16T07:11:49","modified_gmt":"2020-10-16T07:11:49","slug":"kolejne-place-zabaw-gminie-zarki","status":"publish","type":"post","link":"https:\/\/gazetaregionalna.com\/?p=23667","title":{"rendered":"Kolejne place zabaw gminie \u017barki"},"content":{"rendered":"\n<h2 class=\"wp-block-heading\">Kolejne place zabaw gminie \u017barki. <\/h2>\n\n\n\n<p>Zosta\u0142y one zamontowane przy \u015bwietlicy w Ostrowie i Szkole Podstawowej w Przybynowie. <\/p>\n\n\n\n<p>&#8211;<em>Zadania wykona\u0142a gmina z udzia\u0142em \u015brodk\u00f3w w\u0142asnych i dofinansowania z Urz\u0119du Marsza\u0142kowskiego Wojew\u00f3dztwa \u015al\u0105skiego w ramach Inicjatywy So\u0142eckiej<\/em> &#8211; informuje Jakub Grabowski, zast\u0119pca burmistrza Miasta i Gminy \u017barki. <\/p>\n\n\n\n<figure class=\"wp-block-image size-large\"><img decoding=\"async\" width=\"1024\" height=\"683\" data-src=\"https:\/\/gazetaregionalna.com\/wp-content\/uploads\/2020\/10\/place_zabawa_01-1024x683.jpg\" alt=\"\" class=\"wp-image-23670 lazyload\" data-srcset=\"https:\/\/gazetaregionalna.com\/wp-content\/uploads\/2020\/10\/place_zabawa_01-1024x683.jpg 1024w, https:\/\/gazetaregionalna.com\/wp-content\/uploads\/2020\/10\/place_zabawa_01-300x200.jpg 300w, https:\/\/gazetaregionalna.com\/wp-content\/uploads\/2020\/10\/place_zabawa_01-768x512.jpg 768w, https:\/\/gazetaregionalna.com\/wp-content\/uploads\/2020\/10\/place_zabawa_01-696x464.jpg 696w, https:\/\/gazetaregionalna.com\/wp-content\/uploads\/2020\/10\/place_zabawa_01-630x420.jpg 630w, https:\/\/gazetaregionalna.com\/wp-content\/uploads\/2020\/10\/place_zabawa_01.jpg 1050w\" data-sizes=\"(max-width: 1024px) 100vw, 1024px\" src=\"data:image\/svg+xml;base64,PHN2ZyB3aWR0aD0iMSIgaGVpZ2h0PSIxIiB4bWxucz0iaHR0cDovL3d3dy53My5vcmcvMjAwMC9zdmciPjwvc3ZnPg==\" style=\"--smush-placeholder-width: 1024px; --smush-placeholder-aspect-ratio: 1024\/683;\" \/><\/figure>\n\n\n\n<p>Jak przekaza\u0142 \u017carecki samorz\u0105d,  w Przybynowie\u00a0pojawi\u0142y si\u0119:\u00a0 sze\u015bcian gimnastyczny, hu\u015btawki &#8211; bocianie gniazdo, podw\u00f3jna ze \u015bciank\u0105 wspinaczkow\u0105, wa\u017cka pojedyncza. Zamontowano tam r\u00f3wnie\u017c tzw. bujak classic kogut, samolot oraz karuzel\u0119 krzy\u017cow\u0105.\u00a0Koszt tego placu zabaw, to 23 578,00 z\u0142,\u00a0w tym dofinansowanie z Urz\u0119du Marsza\u0142kowskiego Wojew\u00f3dztwa \u015al\u0105skiego &#8211;\u00a0 18 605,40z \u0142 (procentowo 78,91%), a \u015brodki \u017barek to 4 972,60 z\u0142. <\/p>\n\n\n\n<p> W Ostrowie natomiast do dyspozycji najm\u0142odszych b\u0119d\u0105: \u00a0sze\u015bcian gimnastyczny, hu\u015btawki &#8211;\u00a0 bocianie gniazdo,\u00a0 podw\u00f3jna, wa\u017cka pojedyncza. Projekt placu obj\u0105\u0142 r\u00f3wnie\u017c monta\u017c  zestawu do zabawy sk\u0142adaj\u0105cego si\u0119 ze zje\u017cd\u017calni, drabinki, a tak\u017ce karuzeli.<\/p>\n\n\n\n<p> Tutaj koszt ca\u0142kowity placu zabaw, to 24 354,79 z\u0142, dofinansowanie z Urz\u0119du Marsza\u0142kowskiego Wojew\u00f3dztwa \u015al\u0105skiego to kwota\u00a0 19 218,36, (procentowo 78,91%), a \u015brodki gminy &#8211; 5 136,43 z\u0142.<\/p>\n\n\n\n<p> Na placach zabaw pojawi\u0142y si\u0119 te\u017c kosze na odpady. Place zabaw wykona\u0142a firma Ma\u0142a Architektura Zbigniew Narloch z miejscowo\u015bci R\u00f3\u017cyny.<\/p>\n\n\n\n<p>\n(Zdj\u0119cia:\nAnna Stod\u00f3\u0142kiewicz, Urz\u0105d Marsza\u0142kowski Wojew\u00f3dztwa \u015al\u0105skiego)<\/p>\n","protected":false},"excerpt":{"rendered":"<p>Kolejne place zabaw gminie \u017barki. Zosta\u0142y one zamontowane przy \u015bwietlicy w Ostrowie i Szkole Podstawowej w Przybynowie. &#8211;Zadania wykona\u0142a gmina z udzia\u0142em \u015brodk\u00f3w w\u0142asnych<\/p>\n","protected":false},"author":7,"featured_media":23671,"comment_status":"open","ping_status":"open","sticky":false,"template":"","format":"standard","meta":{"_monsterinsights_skip_tracking":false,"_monsterinsights_sitenote_active":false,"_monsterinsights_sitenote_note":"","_monsterinsights_sitenote_category":0,"_uf_show_specific_survey":0,"_uf_disable_surveys":false,"footnotes":""},"categories":[26,94,4,2],"tags":[1079],"class_list":["post-23667","post","type-post","status-publish","format-standard","has-post-thumbnail","hentry","category-myszkow","category-polecane","category-region","category-wiadomosci","tag-kolejne-place-zabaw-gminie-zarki"],"_links":{"self":[{"href":"https:\/\/gazetaregionalna.com\/index.php?rest_route=\/wp\/v2\/posts\/23667","targetHints":{"allow":["GET"]}}],"collection":[{"href":"https:\/\/gazetaregionalna.com\/index.php?rest_route=\/wp\/v2\/posts"}],"about":[{"href":"https:\/\/gazetaregionalna.com\/index.php?rest_route=\/wp\/v2\/types\/post"}],"author":[{"embeddable":true,"href":"https:\/\/gazetaregionalna.com\/index.php?rest_route=\/wp\/v2\/users\/7"}],"replies":[{"embeddable":true,"href":"https:\/\/gazetaregionalna.com\/index.php?rest_route=%2Fwp%2Fv2%2Fcomments&post=23667"}],"version-history":[{"count":3,"href":"https:\/\/gazetaregionalna.com\/index.php?rest_route=\/wp\/v2\/posts\/23667\/revisions"}],"predecessor-version":[{"id":23672,"href":"https:\/\/gazetaregionalna.com\/index.php?rest_route=\/wp\/v2\/posts\/23667\/revisions\/23672"}],"wp:featuredmedia":[{"embeddable":true,"href":"https:\/\/gazetaregionalna.com\/index.php?rest_route=\/wp\/v2\/media\/23671"}],"wp:attachment":[{"href":"https:\/\/gazetaregionalna.com\/index.php?rest_route=%2Fwp%2Fv2%2Fmedia&parent=23667"}],"wp:term":[{"taxonomy":"category","embeddable":true,"href":"https:\/\/gazetaregionalna.com\/index.php?rest_route=%2Fwp%2Fv2%2Fcategories&post=23667"},{"taxonomy":"post_tag","embeddable":true,"href":"https:\/\/gazetaregionalna.com\/index.php?rest_route=%2Fwp%2Fv2%2Ftags&post=23667"}],"curies":[{"name":"wp","href":"https:\/\/api.w.org\/{rel}","templated":true}]}}