{"id":23663,"date":"2020-10-16T06:55:58","date_gmt":"2020-10-16T06:55:58","guid":{"rendered":"https:\/\/gazetaregionalna.com\/?p=23663"},"modified":"2020-10-16T06:56:01","modified_gmt":"2020-10-16T06:56:01","slug":"wyszedl-z-domu-i-nie-wrocil-poszukuje-go-policja","status":"publish","type":"post","link":"https:\/\/gazetaregionalna.com\/?p=23663","title":{"rendered":"Wyszed\u0142 z domu i nie wr\u00f3ci\u0142, poszukuje go policja"},"content":{"rendered":"\n<h2 class=\"wp-block-heading\">Wyszed\u0142 z domu i nie wr\u00f3ci\u0142, poszukuje go policja. <\/h2>\n\n\n\n<p>13 pa\u017adziernika wyszed\u0142 z domu i do tej chwili nie powr\u00f3ci\u0142, ani nie nawi\u0105za\u0142 kontaktu z bliskimi 32-letni \u0141ukasz Skupie\u0144. Policja prosi o pomoc.<\/p>\n\n\n\n<p> Jak informuje Komenda Miejska Policji w Cz\u0119stochowie, 32-latek zagin\u0105\u0142 we wtorek i do chwili obecnej nie powr\u00f3ci\u0142 jak r\u00f3wnie\u017c nie nawi\u0105za\u0142 kontaktu z rodzin\u0105. Jak wynika z ustale\u0144 policji, osoba o podanym rysopisie widziana by\u0142a 14 pa\u017adziernika w miejscowo\u015bci Jastrz\u0105b, nast\u0119pnie w miejscowo\u015bci Biskupice.<\/p>\n\n\n\n<figure class=\"wp-block-image size-large\"><img decoding=\"async\" width=\"763\" height=\"853\" data-src=\"https:\/\/gazetaregionalna.com\/wp-content\/uploads\/2020\/10\/poszukiwany-2.jpg\" alt=\"\" class=\"wp-image-23665 lazyload\" data-srcset=\"https:\/\/gazetaregionalna.com\/wp-content\/uploads\/2020\/10\/poszukiwany-2.jpg 763w, https:\/\/gazetaregionalna.com\/wp-content\/uploads\/2020\/10\/poszukiwany-2-268x300.jpg 268w, https:\/\/gazetaregionalna.com\/wp-content\/uploads\/2020\/10\/poszukiwany-2-696x778.jpg 696w, https:\/\/gazetaregionalna.com\/wp-content\/uploads\/2020\/10\/poszukiwany-2-376x420.jpg 376w\" data-sizes=\"(max-width: 763px) 100vw, 763px\" src=\"data:image\/svg+xml;base64,PHN2ZyB3aWR0aD0iMSIgaGVpZ2h0PSIxIiB4bWxucz0iaHR0cDovL3d3dy53My5vcmcvMjAwMC9zdmciPjwvc3ZnPg==\" style=\"--smush-placeholder-width: 763px; --smush-placeholder-aspect-ratio: 763\/853;\" \/><\/figure>\n\n\n\n<p>Rysopis zaginionego: wzrost\n184 cm, szczup\u0142ej budowy cia\u0142a, w\u0142osy proste, ciemne-szatyn, oczy\nniebieskie.<\/p>\n\n\n\n<p>W dniu zagini\u0119cia ubrany by\u0142\nw pikowan\u0105 kurtk\u0119 w kolorze granatowo-niebieskim, koszul\u0119 z\nkr\u00f3tkim r\u0119kawem w paski koloru bia\u0142o-pomara\u0144czowego, spodnie typu\nmoro koloru zielonego, buty typu trzewiki koloru szarego.<\/p>\n\n\n\n<p>Znaki szczeg\u00f3lne: tatua\u017c na\nplecach powy\u017cej \u0142opatek, napis &#8222;PRINCE&#8221;.<\/p>\n\n\n\n<p>Ka\u017cdy, kto posiada\njakiekolwiek informacje na temat miejsca pobytu zaginionego, proszony\njest o kontakt z Kmend\u0105 Miejsk\u0105 Policji w Cz\u0119stochowie telefon 47\n858 1255 lub z najbli\u017csz\u0105 jednostk\u0105 policji pod numerem telefonu\nalarmowego 997 lub 112.<\/p>\n","protected":false},"excerpt":{"rendered":"<p>Wyszed\u0142 z domu i nie wr\u00f3ci\u0142, poszukuje go policja. 13 pa\u017adziernika wyszed\u0142 z domu i do tej chwili nie powr\u00f3ci\u0142, ani nie nawi\u0105za\u0142 kontaktu<\/p>\n","protected":false},"author":7,"featured_media":23665,"comment_status":"open","ping_status":"open","sticky":false,"template":"","format":"standard","meta":{"_monsterinsights_skip_tracking":false,"_monsterinsights_sitenote_active":false,"_monsterinsights_sitenote_note":"","_monsterinsights_sitenote_category":0,"_uf_show_specific_survey":0,"_uf_disable_surveys":false,"footnotes":""},"categories":[3,94,4,2],"tags":[1078],"class_list":["post-23663","post","type-post","status-publish","format-standard","has-post-thumbnail","hentry","category-czestochowa-informacje","category-polecane","category-region","category-wiadomosci","tag-poszukuje-go-policja"],"_links":{"self":[{"href":"https:\/\/gazetaregionalna.com\/index.php?rest_route=\/wp\/v2\/posts\/23663","targetHints":{"allow":["GET"]}}],"collection":[{"href":"https:\/\/gazetaregionalna.com\/index.php?rest_route=\/wp\/v2\/posts"}],"about":[{"href":"https:\/\/gazetaregionalna.com\/index.php?rest_route=\/wp\/v2\/types\/post"}],"author":[{"embeddable":true,"href":"https:\/\/gazetaregionalna.com\/index.php?rest_route=\/wp\/v2\/users\/7"}],"replies":[{"embeddable":true,"href":"https:\/\/gazetaregionalna.com\/index.php?rest_route=%2Fwp%2Fv2%2Fcomments&post=23663"}],"version-history":[{"count":2,"href":"https:\/\/gazetaregionalna.com\/index.php?rest_route=\/wp\/v2\/posts\/23663\/revisions"}],"predecessor-version":[{"id":23666,"href":"https:\/\/gazetaregionalna.com\/index.php?rest_route=\/wp\/v2\/posts\/23663\/revisions\/23666"}],"wp:featuredmedia":[{"embeddable":true,"href":"https:\/\/gazetaregionalna.com\/index.php?rest_route=\/wp\/v2\/media\/23665"}],"wp:attachment":[{"href":"https:\/\/gazetaregionalna.com\/index.php?rest_route=%2Fwp%2Fv2%2Fmedia&parent=23663"}],"wp:term":[{"taxonomy":"category","embeddable":true,"href":"https:\/\/gazetaregionalna.com\/index.php?rest_route=%2Fwp%2Fv2%2Fcategories&post=23663"},{"taxonomy":"post_tag","embeddable":true,"href":"https:\/\/gazetaregionalna.com\/index.php?rest_route=%2Fwp%2Fv2%2Ftags&post=23663"}],"curies":[{"name":"wp","href":"https:\/\/api.w.org\/{rel}","templated":true}]}}