{"id":23581,"date":"2020-10-15T12:29:22","date_gmt":"2020-10-15T12:29:22","guid":{"rendered":"https:\/\/gazetaregionalna.com\/?p=23581"},"modified":"2020-10-15T12:32:49","modified_gmt":"2020-10-15T12:32:49","slug":"strazacy-z-jaskrowa","status":"publish","type":"post","link":"https:\/\/gazetaregionalna.com\/?p=23581","title":{"rendered":"Stra\u017cacy z Jaskrowa otrzymali nowy samoch\u00f3d ratowniczo-ga\u015bniczy"},"content":{"rendered":"\n<h2 class=\"wp-block-heading\">Jednostka OSP Jaskr\u00f3w otrzyma\u0142o nowy samoch\u00f3d ratowniczo-ga\u015bniczy. Przekazanie wozu odby\u0142o si\u0119 <strong>9 pa\u017adziernika 2020 <\/strong>roku we wsi Jaskr\u00f3w, gmina Mst\u00f3w.<\/h2>\n\n\n\n<figure class=\"wp-block-image size-large\"><img decoding=\"async\" width=\"1024\" height=\"683\" data-src=\"https:\/\/gazetaregionalna.com\/wp-content\/uploads\/2020\/10\/OSP-Jaskr\u00f3w-8-1024x683.jpg\" alt=\"\" class=\"wp-image-23590 lazyload\" data-srcset=\"https:\/\/gazetaregionalna.com\/wp-content\/uploads\/2020\/10\/OSP-Jaskr\u00f3w-8-1024x683.jpg 1024w, https:\/\/gazetaregionalna.com\/wp-content\/uploads\/2020\/10\/OSP-Jaskr\u00f3w-8-300x200.jpg 300w, https:\/\/gazetaregionalna.com\/wp-content\/uploads\/2020\/10\/OSP-Jaskr\u00f3w-8-768x512.jpg 768w, https:\/\/gazetaregionalna.com\/wp-content\/uploads\/2020\/10\/OSP-Jaskr\u00f3w-8-1536x1025.jpg 1536w, https:\/\/gazetaregionalna.com\/wp-content\/uploads\/2020\/10\/OSP-Jaskr\u00f3w-8-696x464.jpg 696w, https:\/\/gazetaregionalna.com\/wp-content\/uploads\/2020\/10\/OSP-Jaskr\u00f3w-8-1068x713.jpg 1068w, https:\/\/gazetaregionalna.com\/wp-content\/uploads\/2020\/10\/OSP-Jaskr\u00f3w-8-630x420.jpg 630w, https:\/\/gazetaregionalna.com\/wp-content\/uploads\/2020\/10\/OSP-Jaskr\u00f3w-8.jpg 1200w\" data-sizes=\"(max-width: 1024px) 100vw, 1024px\" src=\"data:image\/svg+xml;base64,PHN2ZyB3aWR0aD0iMSIgaGVpZ2h0PSIxIiB4bWxucz0iaHR0cDovL3d3dy53My5vcmcvMjAwMC9zdmciPjwvc3ZnPg==\" style=\"--smush-placeholder-width: 1024px; --smush-placeholder-aspect-ratio: 1024\/683;\" \/><figcaption>Fot: 112 Cz\u0119stochowa &#8211; Figza\u0142 Micha\u0142<\/figcaption><\/figure>\n\n\n\n<p>Jednostka OSP w Jaskrowie powsta\u0142a w roku 1935 i ju\u017c od samego pocz\u0105tku dzia\u0142a\u0142a bardzo pr\u0119\u017cnie, bior\u0105c udzia\u0142 w akcjach gaszenia po\u017car\u00f3w na terenie Gminy Mst\u00f3w, a tak\u017ce w miejscowo\u015bciach o\u015bciennych.<\/p>\n\n\n\n<p>W 2017 roku samorz\u0105d Gminy Mst\u00f3w wybudowa\u0142 nowe stanowisko gara\u017cowe, a do chwili obecnej na wyposa\u017ceniu OSP by\u0142y tylko dwa samochody po\u017carnicze: zakupiony w 2002 roku SLRt Ford Transit oraz wys\u0142u\u017cony GCBA 3\/16 Mercedes Benz 1019 (z 1982 roku), kt\u00f3ry zosta\u0142 zakupiony w roku 2009 i zaj\u0105\u0142 miejsce starego Kamaza.  <\/p>\n\n\n\n<p>OSP Jaskr\u00f3w po\u0142o\u017cone jest przy drodze wojew\u00f3dzkiej DW 786 (Cz\u0119stochowa \u2013 Kielce) dlatego cz\u0119sto jednostka jest dysponowana do zada\u0144 drogowych, kt\u00f3re maj\u0105 miejsce na tej drodze.<\/p>\n\n\n\n<p>9 pa\u017adziernika jednostk\u0119 zasili\u0142 nowy w\u00f3z stra\u017cacki, zbudowany na podwoziu Volvo FL280 4\u00d74 z 2020 roku. Zabudow\u0119 pojazdu wykona\u0142a firma <a href=\"http:\/\/bocar.com.pl\/\" class=\"rank-math-link\" target=\"_blank\" rel=\"noopener\">\u201ebocar\u201d z Korwinowa<\/a>.  <\/p>\n\n\n\n<p>Prezes OSP Jaskr\u00f3w dh  Bogdan Kubica, dh Robert Kubica, dh Andrzej Hadry\u015b oraz W\u00f3jt Gminy Mst\u00f3w Tomasz G\u0119siarz dokonali odbioru jednostki.<\/p>\n\n\n\n<figure class=\"wp-block-image size-large\"><img decoding=\"async\" width=\"1024\" height=\"768\" data-src=\"https:\/\/gazetaregionalna.com\/wp-content\/uploads\/2020\/10\/OSP-Jaskr\u00f3w-12-1024x768.jpg\" alt=\"\" class=\"wp-image-23594 lazyload\" data-srcset=\"https:\/\/gazetaregionalna.com\/wp-content\/uploads\/2020\/10\/OSP-Jaskr\u00f3w-12-1024x768.jpg 1024w, https:\/\/gazetaregionalna.com\/wp-content\/uploads\/2020\/10\/OSP-Jaskr\u00f3w-12-300x225.jpg 300w, https:\/\/gazetaregionalna.com\/wp-content\/uploads\/2020\/10\/OSP-Jaskr\u00f3w-12-768x576.jpg 768w, https:\/\/gazetaregionalna.com\/wp-content\/uploads\/2020\/10\/OSP-Jaskr\u00f3w-12-1536x1152.jpg 1536w, https:\/\/gazetaregionalna.com\/wp-content\/uploads\/2020\/10\/OSP-Jaskr\u00f3w-12-80x60.jpg 80w, https:\/\/gazetaregionalna.com\/wp-content\/uploads\/2020\/10\/OSP-Jaskr\u00f3w-12-265x198.jpg 265w, https:\/\/gazetaregionalna.com\/wp-content\/uploads\/2020\/10\/OSP-Jaskr\u00f3w-12-696x522.jpg 696w, https:\/\/gazetaregionalna.com\/wp-content\/uploads\/2020\/10\/OSP-Jaskr\u00f3w-12-1068x801.jpg 1068w, https:\/\/gazetaregionalna.com\/wp-content\/uploads\/2020\/10\/OSP-Jaskr\u00f3w-12-560x420.jpg 560w, https:\/\/gazetaregionalna.com\/wp-content\/uploads\/2020\/10\/OSP-Jaskr\u00f3w-12.jpg 1200w\" data-sizes=\"(max-width: 1024px) 100vw, 1024px\" src=\"data:image\/svg+xml;base64,PHN2ZyB3aWR0aD0iMSIgaGVpZ2h0PSIxIiB4bWxucz0iaHR0cDovL3d3dy53My5vcmcvMjAwMC9zdmciPjwvc3ZnPg==\" style=\"--smush-placeholder-width: 1024px; --smush-placeholder-aspect-ratio: 1024\/768;\" \/><figcaption>Fot: Gmina Mst\u00f3w<\/figcaption><\/figure>\n\n\n\n<p>Samoch\u00f3d ratowniczo-ga\u015bniczy zosta\u0142 zakupiony za kwot\u0119  789.660,00 z\u0142, na kt\u00f3r\u0105 z\u0142o\u017cy\u0142y si\u0119 dotacje z:<\/p>\n\n\n\n<ul class=\"wp-block-list\"><li> dotacja bud\u017cetowa ze \u015brodk\u00f3w KSRG: 300.000,00 z\u0142; <\/li><li> \u015brodki finansowe NFO\u015aiGW\/WFO\u015aiGW: 160.000,00 z\u0142; <\/li><li> \u015brodki bud\u017cetu Gminy Mst\u00f3w: 329.660,00 z\u0142. <\/li><\/ul>\n\n\n\n<p>Promes\u0119 na dofinansowanie zakupu samochodu ratowniczo-ga\u015bniczego odebra\u0142 ju\u017c 5 czerwca w Bytomiu (z r\u0105k Prezydenta Rzeczypospolitej Polskiej Andrzeja Dudy) Prezes OSP w Jaskrowie, dh Bogdan Kubica.<\/p>\n\n\n\n<p>&#8211; <em>\u201eDzi\u0119kuj\u0119 Radzie Gminy Mst\u00f3w, Pani Pose\u0142 Lidii Burzy\u0144skiej i Parlamentarzystom Ziemi Cz\u0119stochowskiej, przedstawicielom w\u0142adz centralnych oraz wszystkim, kt\u00f3rzy merytorycznie zaanga\u017cowali si\u0119 w pozyskanie nowego samochodu, podnosz\u0105cego sprawno\u015b\u0107 bojow\u0105 jednostki OSP Jaskr\u00f3w. Niech nowy samoch\u00f3d ratowniczo-ga\u015bniczy s\u0142u\u017cy druhom stra\u017cakom i lokalnemu spo\u0142ecze\u0144stwu, Bogu na chwa\u0142\u0119 i ludziom na po\u017cytek\u201d<\/em>&nbsp;\u2013 powiedzia\u0142  W\u00f3jt Tomasz G\u0119siarz.<\/p>\n\n\n\n<p>[post_gallery]<\/p>\n\n\n\n<p>Fot: 112 Czestochowa &#8211; Figza\u0142 Micha\u0142 i Gmina Mst\u00f3w<\/p>\n","protected":false},"excerpt":{"rendered":"<p>Jednostka OSP Jaskr\u00f3w otrzyma\u0142o nowy samoch\u00f3d ratowniczo-ga\u015bniczy. Przekazanie wozu odby\u0142o si\u0119 9 pa\u017adziernika 2020 roku we wsi Jaskr\u00f3w, gmina Mst\u00f3w. Jednostka OSP w Jaskrowie<\/p>\n","protected":false},"author":12,"featured_media":23583,"comment_status":"open","ping_status":"open","sticky":false,"template":"","format":"standard","meta":{"_monsterinsights_skip_tracking":false,"_monsterinsights_sitenote_active":false,"_monsterinsights_sitenote_note":"","_monsterinsights_sitenote_category":0,"_uf_show_specific_survey":0,"_uf_disable_surveys":false,"footnotes":""},"categories":[33,3,94,4,2],"tags":[],"class_list":["post-23581","post","type-post","status-publish","format-standard","has-post-thumbnail","hentry","category-inwestycje","category-czestochowa-informacje","category-polecane","category-region","category-wiadomosci"],"_links":{"self":[{"href":"https:\/\/gazetaregionalna.com\/index.php?rest_route=\/wp\/v2\/posts\/23581","targetHints":{"allow":["GET"]}}],"collection":[{"href":"https:\/\/gazetaregionalna.com\/index.php?rest_route=\/wp\/v2\/posts"}],"about":[{"href":"https:\/\/gazetaregionalna.com\/index.php?rest_route=\/wp\/v2\/types\/post"}],"author":[{"embeddable":true,"href":"https:\/\/gazetaregionalna.com\/index.php?rest_route=\/wp\/v2\/users\/12"}],"replies":[{"embeddable":true,"href":"https:\/\/gazetaregionalna.com\/index.php?rest_route=%2Fwp%2Fv2%2Fcomments&post=23581"}],"version-history":[{"count":4,"href":"https:\/\/gazetaregionalna.com\/index.php?rest_route=\/wp\/v2\/posts\/23581\/revisions"}],"predecessor-version":[{"id":23597,"href":"https:\/\/gazetaregionalna.com\/index.php?rest_route=\/wp\/v2\/posts\/23581\/revisions\/23597"}],"wp:featuredmedia":[{"embeddable":true,"href":"https:\/\/gazetaregionalna.com\/index.php?rest_route=\/wp\/v2\/media\/23583"}],"wp:attachment":[{"href":"https:\/\/gazetaregionalna.com\/index.php?rest_route=%2Fwp%2Fv2%2Fmedia&parent=23581"}],"wp:term":[{"taxonomy":"category","embeddable":true,"href":"https:\/\/gazetaregionalna.com\/index.php?rest_route=%2Fwp%2Fv2%2Fcategories&post=23581"},{"taxonomy":"post_tag","embeddable":true,"href":"https:\/\/gazetaregionalna.com\/index.php?rest_route=%2Fwp%2Fv2%2Ftags&post=23581"}],"curies":[{"name":"wp","href":"https:\/\/api.w.org\/{rel}","templated":true}]}}