{"id":23570,"date":"2020-10-15T11:15:47","date_gmt":"2020-10-15T11:15:47","guid":{"rendered":"https:\/\/gazetaregionalna.com\/?p=23570"},"modified":"2020-10-15T11:16:36","modified_gmt":"2020-10-15T11:16:36","slug":"mistrzostwa-slaska","status":"publish","type":"post","link":"https:\/\/gazetaregionalna.com\/?p=23570","title":{"rendered":"Cz\u0119stochowianki zdoby\u0142y Mistrzostwa \u015al\u0105ska w czw\u00f3rboju lekkoatletycznym"},"content":{"rendered":"\n<p> <\/p>\n\n\n\n<h2 class=\"wp-block-heading\"> Lekkoatletki ze <strong>Szko\u0142y Podstawowej nr 7 im. Konstantego Ildefonsa Ga\u0142czy\u0144skiego w Cz\u0119stochowie<\/strong> okaza\u0142y si\u0119 najlepsze w Wojew\u00f3dztwie \u015al\u0105skim. Uczennice zdoby\u0142y Mistrzostwo \u015al\u0105ska w czw\u00f3rboju lekkoatletycznym.<\/h2>\n\n\n\n<p>\nW\nramach Igrzysk Dzieci Szk\u00f3\u0142 Podstawowych 2 pa\u017adziernika 2020 roku\nw rozgrywanym finale wojew\u00f3dzkiego turnieju wzi\u0119\u0142y udzia\u0142 m\u0142ode\nlekkoatletki z terenu ca\u0142ego wojew\u00f3dztwa \u015bl\u0105skiego. \n<\/p>\n\n\n\n<p> Uczennice ze  Szko\u0142y <strong>Podstawowej nr 7 im. Konstantego Ildefonsa Ga\u0142czy\u0144skiego w Cz\u0119stochowie <\/strong>okaza\u0142y si\u0119 bezkonkurencyjne w zawodach. To pierwsze tego typu zwyci\u0119stwo dziewczyn.<\/p>\n\n\n\n<figure class=\"wp-block-image size-large\"><img decoding=\"async\" width=\"800\" height=\"600\" data-src=\"https:\/\/gazetaregionalna.com\/wp-content\/uploads\/2020\/10\/lekkoatletki-4.jpg\" alt=\"\" class=\"wp-image-23575 lazyload\" data-srcset=\"https:\/\/gazetaregionalna.com\/wp-content\/uploads\/2020\/10\/lekkoatletki-4.jpg 800w, https:\/\/gazetaregionalna.com\/wp-content\/uploads\/2020\/10\/lekkoatletki-4-300x225.jpg 300w, https:\/\/gazetaregionalna.com\/wp-content\/uploads\/2020\/10\/lekkoatletki-4-768x576.jpg 768w, https:\/\/gazetaregionalna.com\/wp-content\/uploads\/2020\/10\/lekkoatletki-4-80x60.jpg 80w, https:\/\/gazetaregionalna.com\/wp-content\/uploads\/2020\/10\/lekkoatletki-4-265x198.jpg 265w, https:\/\/gazetaregionalna.com\/wp-content\/uploads\/2020\/10\/lekkoatletki-4-696x522.jpg 696w, https:\/\/gazetaregionalna.com\/wp-content\/uploads\/2020\/10\/lekkoatletki-4-560x420.jpg 560w\" data-sizes=\"(max-width: 800px) 100vw, 800px\" src=\"data:image\/svg+xml;base64,PHN2ZyB3aWR0aD0iMSIgaGVpZ2h0PSIxIiB4bWxucz0iaHR0cDovL3d3dy53My5vcmcvMjAwMC9zdmciPjwvc3ZnPg==\" style=\"--smush-placeholder-width: 800px; --smush-placeholder-aspect-ratio: 800\/600;\" \/><figcaption>Fot: UM Cz\u0119stochowa<\/figcaption><\/figure>\n\n\n\n<p>\nWyniki\nIgrzysk Dzieci w finale wojew\u00f3dztwa \u015bl\u0105skiego w czw\u00f3rboju\nlekkoatletycznym dziewcz\u0105t:<\/p>\n\n\n\n<ul class=\"wp-block-list\"><li>\n\tI\n\tmiejsce Szko\u0142a Podstawowa nr 7 im. Konstantego Ildefonsa\n\tGa\u0142czy\u0144skiego w Cz\u0119stochowie;\n\t<\/li><li>\n\tII\n\tmiejsce Szko\u0142a Podstawowa Mistrzostwa Sportowego w Bytomiu;\n\t<\/li><li>\n\tIII\n\tmiejsce Szko\u0142a Podstawowa nr 33 w D\u0105browie G\u00f3rniczej.\n<\/li><\/ul>\n\n\n\n<p>\nIndywidualnie\nna drugim stopniu podium stan\u0119\u0142y Julia Kubik i Julia Tr\u0105bczy\u0144ska,\nz tak\u0105 sam\u0105 ilo\u015bci\u0105 punkt\u00f3w. \n<\/p>\n\n\n\n<p> Sk\u0142ad reprezentacji SP 7: Julia Kubik, Julia Tr\u0105bczy\u0144ska, Martyna Cendrowska, Zuzanna Grado\u0144, Wiktoria Marcjanek, Wiktoria D\u0105dela. Dziewcz\u0119ta s\u0105 uczennicami klasy sportowej o specjalno\u015bci lekka atletyka i trenuj\u0105 pod okiem nauczycielki <strong>\u017banety Tr\u0105bczy\u0144skiej<\/strong>.  <\/p>\n\n\n\n<p>[post_gallery]<\/p>\n\n\n\n<p>Fot: UM Czestochowa<\/p>\n","protected":false},"excerpt":{"rendered":"<p>Lekkoatletki ze Szko\u0142y Podstawowej nr 7 im. Konstantego Ildefonsa Ga\u0142czy\u0144skiego w Cz\u0119stochowie okaza\u0142y si\u0119 najlepsze w Wojew\u00f3dztwie \u015al\u0105skim. Uczennice zdoby\u0142y Mistrzostwo \u015al\u0105ska w czw\u00f3rboju<\/p>\n","protected":false},"author":12,"featured_media":23576,"comment_status":"open","ping_status":"open","sticky":false,"template":"","format":"standard","meta":{"_monsterinsights_skip_tracking":false,"_monsterinsights_sitenote_active":false,"_monsterinsights_sitenote_note":"","_monsterinsights_sitenote_category":0,"_uf_show_specific_survey":0,"_uf_disable_surveys":false,"footnotes":""},"categories":[94,3,11,5,2],"tags":[],"class_list":["post-23570","post","type-post","status-publish","format-standard","has-post-thumbnail","hentry","category-polecane","category-czestochowa-informacje","category-pozostale","category-sport","category-wiadomosci"],"_links":{"self":[{"href":"https:\/\/gazetaregionalna.com\/index.php?rest_route=\/wp\/v2\/posts\/23570","targetHints":{"allow":["GET"]}}],"collection":[{"href":"https:\/\/gazetaregionalna.com\/index.php?rest_route=\/wp\/v2\/posts"}],"about":[{"href":"https:\/\/gazetaregionalna.com\/index.php?rest_route=\/wp\/v2\/types\/post"}],"author":[{"embeddable":true,"href":"https:\/\/gazetaregionalna.com\/index.php?rest_route=\/wp\/v2\/users\/12"}],"replies":[{"embeddable":true,"href":"https:\/\/gazetaregionalna.com\/index.php?rest_route=%2Fwp%2Fv2%2Fcomments&post=23570"}],"version-history":[{"count":3,"href":"https:\/\/gazetaregionalna.com\/index.php?rest_route=\/wp\/v2\/posts\/23570\/revisions"}],"predecessor-version":[{"id":23578,"href":"https:\/\/gazetaregionalna.com\/index.php?rest_route=\/wp\/v2\/posts\/23570\/revisions\/23578"}],"wp:featuredmedia":[{"embeddable":true,"href":"https:\/\/gazetaregionalna.com\/index.php?rest_route=\/wp\/v2\/media\/23576"}],"wp:attachment":[{"href":"https:\/\/gazetaregionalna.com\/index.php?rest_route=%2Fwp%2Fv2%2Fmedia&parent=23570"}],"wp:term":[{"taxonomy":"category","embeddable":true,"href":"https:\/\/gazetaregionalna.com\/index.php?rest_route=%2Fwp%2Fv2%2Fcategories&post=23570"},{"taxonomy":"post_tag","embeddable":true,"href":"https:\/\/gazetaregionalna.com\/index.php?rest_route=%2Fwp%2Fv2%2Ftags&post=23570"}],"curies":[{"name":"wp","href":"https:\/\/api.w.org\/{rel}","templated":true}]}}