{"id":23558,"date":"2020-10-15T10:38:59","date_gmt":"2020-10-15T10:38:59","guid":{"rendered":"https:\/\/gazetaregionalna.com\/?p=23558"},"modified":"2020-10-15T10:39:01","modified_gmt":"2020-10-15T10:39:01","slug":"photoartmedica","status":"publish","type":"post","link":"https:\/\/gazetaregionalna.com\/?p=23558","title":{"rendered":"PhotoArtMedica 2020 \u2013 Cz\u0119stochowa"},"content":{"rendered":"\n<h2 class=\"wp-block-heading\">Okr\u0119gowa Izba Lekarska w Cz\u0119stochowie zaprasza na wirtualn\u0105 prezentacj\u0119 nagr\u00f3d i ceremonie otwarcia wystawy prac nades\u0142anych na konkurs \u201eVIII Mi\u0119dzynarodowy Salon Fotografii Artystycznej Lekarzy PhotoArtMedica 2020 \u2013 Cz\u0119stochowa\u201d.<\/h2>\n\n\n\n<p>Salon Fotografii Artystycznej Lekarzy zrzesza w swoim gronie lekarzy, stomatolog\u00f3w, wyk\u0142adowc\u00f3w uczelni medycznych, student\u00f3w medycyny, sta\u017cyst\u00f3w oraz technik\u00f3w obrazowania medycznego, kt\u00f3rych poza medycyn\u0105 jest pasja fotografowania.<\/p>\n\n\n\n<p>Powsta\u0142y konkurs w czasie pandemii by\u0142 pewn\u0105 odskoczni\u0105. Nadsy\u0142anie prac trwa\u0142o do 19 wrze\u015bnia 2020 roku, a ich ocena odby\u0142a si\u0119 do 30 wrze\u015bnia 2020 roku.  <\/p>\n\n\n\n<p>Z 13 kraj\u00f3w &#8211; Australii, Bangladeszu, Bu\u0142garii, Irlandii, Kanady, Niemiec, Polski, Szwecji, USA, W\u0119gier, Wielkiej Brytanii i W\u0142och swoje prace nades\u0142a\u0142o 69 uczestnik\u00f3w, \u0142\u0105cznie 498 fotografii. Zosta\u0142y one nast\u0119puj\u0105co skategoryzowane:<\/p>\n\n\n\n<ul class=\"wp-block-list\"><li> \u201e\u015awiat wody\u201d &#8211; 210 nades\u0142anych prac; <\/li><li> \u201eTemat wolny\u201d &#8211; 216 fotografii; <\/li><li> \u201eFotografia medyczna\u201d &#8211; 72 fotografie. <\/li><\/ul>\n\n\n\n<p>Salon Fotografii Artystycznej Lekarzy zaprasza<strong> 17 pa\u017adziernika o godzinie 17:00 <\/strong>na wirtualn\u0105 prezentacj\u0119 nagr\u00f3d z ich wr\u0119czeniem oraz ceremoni\u0119 otwarcia wystawy, kt\u00f3ra odb\u0119dzie si\u0119 w Muzeum Cz\u0119stochowskim w Ratuszu. <a href=\"https:\/\/photoartmedica.pl\/index.html\" class=\"rank-math-link\" target=\"_blank\" rel=\"noopener\">Transmisja on-line<\/a>.<\/p>\n\n\n\n<p>Wystawa b\u0119dzie trwa\u0142a od 17 pa\u017adziernika do 9 listopada 2020 roku.<\/p>\n","protected":false},"excerpt":{"rendered":"<p>Okr\u0119gowa Izba Lekarska w Cz\u0119stochowie zaprasza na wirtualn\u0105 prezentacj\u0119 nagr\u00f3d i ceremonie otwarcia wystawy prac nades\u0142anych na konkurs \u201eVIII Mi\u0119dzynarodowy Salon Fotografii Artystycznej Lekarzy<\/p>\n","protected":false},"author":12,"featured_media":0,"comment_status":"open","ping_status":"open","sticky":false,"template":"","format":"standard","meta":{"_monsterinsights_skip_tracking":false,"_monsterinsights_sitenote_active":false,"_monsterinsights_sitenote_note":"","_monsterinsights_sitenote_category":0,"_uf_show_specific_survey":0,"_uf_disable_surveys":false,"footnotes":""},"categories":[94,3,2],"tags":[],"class_list":["post-23558","post","type-post","status-publish","format-standard","hentry","category-polecane","category-czestochowa-informacje","category-wiadomosci"],"_links":{"self":[{"href":"https:\/\/gazetaregionalna.com\/index.php?rest_route=\/wp\/v2\/posts\/23558","targetHints":{"allow":["GET"]}}],"collection":[{"href":"https:\/\/gazetaregionalna.com\/index.php?rest_route=\/wp\/v2\/posts"}],"about":[{"href":"https:\/\/gazetaregionalna.com\/index.php?rest_route=\/wp\/v2\/types\/post"}],"author":[{"embeddable":true,"href":"https:\/\/gazetaregionalna.com\/index.php?rest_route=\/wp\/v2\/users\/12"}],"replies":[{"embeddable":true,"href":"https:\/\/gazetaregionalna.com\/index.php?rest_route=%2Fwp%2Fv2%2Fcomments&post=23558"}],"version-history":[{"count":2,"href":"https:\/\/gazetaregionalna.com\/index.php?rest_route=\/wp\/v2\/posts\/23558\/revisions"}],"predecessor-version":[{"id":23569,"href":"https:\/\/gazetaregionalna.com\/index.php?rest_route=\/wp\/v2\/posts\/23558\/revisions\/23569"}],"wp:attachment":[{"href":"https:\/\/gazetaregionalna.com\/index.php?rest_route=%2Fwp%2Fv2%2Fmedia&parent=23558"}],"wp:term":[{"taxonomy":"category","embeddable":true,"href":"https:\/\/gazetaregionalna.com\/index.php?rest_route=%2Fwp%2Fv2%2Fcategories&post=23558"},{"taxonomy":"post_tag","embeddable":true,"href":"https:\/\/gazetaregionalna.com\/index.php?rest_route=%2Fwp%2Fv2%2Ftags&post=23558"}],"curies":[{"name":"wp","href":"https:\/\/api.w.org\/{rel}","templated":true}]}}