{"id":23294,"date":"2020-10-13T13:02:51","date_gmt":"2020-10-13T13:02:51","guid":{"rendered":"https:\/\/gazetaregionalna.com\/?p=23294"},"modified":"2020-10-13T13:02:53","modified_gmt":"2020-10-13T13:02:53","slug":"otwarcie-ekopracowni","status":"publish","type":"post","link":"https:\/\/gazetaregionalna.com\/?p=23294","title":{"rendered":"Uroczyste otwarcie ekopracowni w PSP nr 8 w Radomsku"},"content":{"rendered":"\n<h2 class=\"wp-block-heading\">W ramach konkursu \u00a0\u201eNasze Ekologiczne Pracownie\u201d w <strong>Publicznej Szkole Podstawowej nr 8 im. Przyjaci\u00f3\u0142 Dzieci w Radomsku<\/strong> nast\u0105pi\u0142o uroczyste otwarcie ekopracowni. Uroczysto\u015bci odby\u0142y si\u0119 w dniu 12 pa\u017adziernika 2020 roku. <\/h2>\n\n\n\n<figure class=\"wp-block-image size-large\"><img decoding=\"async\" width=\"788\" height=\"390\" data-src=\"https:\/\/gazetaregionalna.com\/wp-content\/uploads\/2020\/10\/ekopracownia-11.jpg\" alt=\"\" class=\"wp-image-23306 lazyload\" data-srcset=\"https:\/\/gazetaregionalna.com\/wp-content\/uploads\/2020\/10\/ekopracownia-11.jpg 788w, https:\/\/gazetaregionalna.com\/wp-content\/uploads\/2020\/10\/ekopracownia-11-300x148.jpg 300w, https:\/\/gazetaregionalna.com\/wp-content\/uploads\/2020\/10\/ekopracownia-11-768x380.jpg 768w, https:\/\/gazetaregionalna.com\/wp-content\/uploads\/2020\/10\/ekopracownia-11-324x160.jpg 324w, https:\/\/gazetaregionalna.com\/wp-content\/uploads\/2020\/10\/ekopracownia-11-696x344.jpg 696w\" data-sizes=\"(max-width: 788px) 100vw, 788px\" src=\"data:image\/svg+xml;base64,PHN2ZyB3aWR0aD0iMSIgaGVpZ2h0PSIxIiB4bWxucz0iaHR0cDovL3d3dy53My5vcmcvMjAwMC9zdmciPjwvc3ZnPg==\" style=\"--smush-placeholder-width: 788px; --smush-placeholder-aspect-ratio: 788\/390;\" \/><figcaption>Fot: UM Radomsko<\/figcaption><\/figure>\n\n\n\n<p>Nowa ekopracownia powsta\u0142a przy\nudziale \u015brodk\u00f3w Wojew\u00f3dzkiego Funduszu Ochrony \u015arodowiska i Gospodarki Wodnej w\n\u0141odzi. \u015arodki dofinansowania, jakie na ni\u0105 zosta\u0142y przeznaczone to kwota 49 867\nz\u0142. Reszt\u0119 5&nbsp;600 z\u0142 do\u0142o\u017cy\u0142a szko\u0142a.<\/p>\n\n\n\n<p>Dyrektor szko\u0142y mgr Anna\nGrzywacz wraz z przedstawicielami spo\u0142eczno\u015bci uczniowskiej i koordynatorami\nprojektu dokona\u0142a uroczystego przeci\u0119cia wst\u0119gi.<\/p>\n\n\n\n<figure class=\"wp-block-image size-large\"><img decoding=\"async\" width=\"768\" height=\"1024\" data-src=\"https:\/\/gazetaregionalna.com\/wp-content\/uploads\/2020\/10\/ekopracownia-2.jpg\" alt=\"\" class=\"wp-image-23297 lazyload\" data-srcset=\"https:\/\/gazetaregionalna.com\/wp-content\/uploads\/2020\/10\/ekopracownia-2.jpg 768w, https:\/\/gazetaregionalna.com\/wp-content\/uploads\/2020\/10\/ekopracownia-2-225x300.jpg 225w, https:\/\/gazetaregionalna.com\/wp-content\/uploads\/2020\/10\/ekopracownia-2-696x928.jpg 696w, https:\/\/gazetaregionalna.com\/wp-content\/uploads\/2020\/10\/ekopracownia-2-315x420.jpg 315w\" data-sizes=\"(max-width: 768px) 100vw, 768px\" src=\"data:image\/svg+xml;base64,PHN2ZyB3aWR0aD0iMSIgaGVpZ2h0PSIxIiB4bWxucz0iaHR0cDovL3d3dy53My5vcmcvMjAwMC9zdmciPjwvc3ZnPg==\" style=\"--smush-placeholder-width: 768px; --smush-placeholder-aspect-ratio: 768\/1024;\" \/><figcaption>Fot: UM Radomsko<\/figcaption><\/figure>\n\n\n\n<p>Na t\u0119 okoliczno\u015b\u0107 uczniowie klasy VII przygotowali kr\u00f3tki monta\u017c s\u0142owny, kt\u00f3ry sprawi\u0142, \u017ce zgromadzeni mogli na chwil\u0119 przenie\u015b\u0107 si\u0119 w \u015bwiat biologii.<\/p>\n\n\n\n<p>Dodatkowo opiekunowie pracowni mgr Aneta Tomczyk i mgr Tomasz D\u0105browski przedstawili prezentacj\u0119 dotycz\u0105c\u0105 zada\u0144 ekologicznych, realizowanych przez szko\u0142\u0119. <\/p>\n\n\n\n<p>Na koniec zosta\u0142y zaprezentowane\npomoce dydaktyczne, kt\u00f3re zosta\u0142y zakupione w ramach dotacji:<\/p>\n\n\n\n<ul class=\"wp-block-list\"><li>Mapy;<\/li><li>Modele;<\/li><li>Przyrz\u0105dy u\u0142atwiaj\u0105ce prowadzenie obserwacji:<ul><li>Mikroskopy;<ul><li>Szk\u0142a\npowi\u0119kszaj\u0105ce;<\/li><\/ul><\/li><\/ul><\/li><li>Plansze dydaktyczne;<\/li><li>\u017bywe ro\u015bliny;<\/li><li>Programy multimedialne (uatrakcyjniaj\u0105 lekcje,\nu\u0142atwiaj\u0105 przyswajanie materia\u0142u, inspiruj\u0105 uczni\u00f3w).<\/li><\/ul>\n\n\n\n<figure class=\"wp-block-image size-large\"><img decoding=\"async\" width=\"1024\" height=\"768\" data-src=\"https:\/\/gazetaregionalna.com\/wp-content\/uploads\/2020\/10\/ekopracownia-8.jpg\" alt=\"\" class=\"wp-image-23303 lazyload\" data-srcset=\"https:\/\/gazetaregionalna.com\/wp-content\/uploads\/2020\/10\/ekopracownia-8.jpg 1024w, https:\/\/gazetaregionalna.com\/wp-content\/uploads\/2020\/10\/ekopracownia-8-300x225.jpg 300w, https:\/\/gazetaregionalna.com\/wp-content\/uploads\/2020\/10\/ekopracownia-8-768x576.jpg 768w, https:\/\/gazetaregionalna.com\/wp-content\/uploads\/2020\/10\/ekopracownia-8-80x60.jpg 80w, https:\/\/gazetaregionalna.com\/wp-content\/uploads\/2020\/10\/ekopracownia-8-265x198.jpg 265w, https:\/\/gazetaregionalna.com\/wp-content\/uploads\/2020\/10\/ekopracownia-8-696x522.jpg 696w, https:\/\/gazetaregionalna.com\/wp-content\/uploads\/2020\/10\/ekopracownia-8-560x420.jpg 560w\" data-sizes=\"(max-width: 1024px) 100vw, 1024px\" src=\"data:image\/svg+xml;base64,PHN2ZyB3aWR0aD0iMSIgaGVpZ2h0PSIxIiB4bWxucz0iaHR0cDovL3d3dy53My5vcmcvMjAwMC9zdmciPjwvc3ZnPg==\" style=\"--smush-placeholder-width: 1024px; --smush-placeholder-aspect-ratio: 1024\/768;\" \/><figcaption>Fot: UM Radomsko<\/figcaption><\/figure>\n\n\n\n<p>Nowa ekopracownia napawa dum\u0105 ca\u0142\u0105 spo\u0142eczno\u015b\u0107 szkoln\u0105 PSP nr 8. Zapewnia ona bowiem wymarzone warunki do nauki i pracy. Ponadto daje dobr\u0105 baz\u0119 do organizowania spotka\u0144 tematycznych zwi\u0105zanych z edukacj\u0105 \u015brodowiskow\u0105, konkurs\u00f3w i akcji ekologicznych.<\/p>\n\n\n\n<p>[post_gallery]<\/p>\n\n\n\n<p>Fot: UM Radomsko<\/p>\n","protected":false},"excerpt":{"rendered":"<p>W ramach konkursu \u00a0\u201eNasze Ekologiczne Pracownie\u201d w Publicznej Szkole Podstawowej nr 8 im. Przyjaci\u00f3\u0142 Dzieci w Radomsku nast\u0105pi\u0142o uroczyste otwarcie ekopracowni. Uroczysto\u015bci odby\u0142y si\u0119<\/p>\n","protected":false},"author":12,"featured_media":23299,"comment_status":"open","ping_status":"open","sticky":false,"template":"","format":"standard","meta":{"_monsterinsights_skip_tracking":false,"_monsterinsights_sitenote_active":false,"_monsterinsights_sitenote_note":"","_monsterinsights_sitenote_category":0,"_uf_show_specific_survey":0,"_uf_disable_surveys":false,"footnotes":""},"categories":[41,29,94,28,2],"tags":[],"class_list":["post-23294","post","type-post","status-publish","format-standard","has-post-thumbnail","hentry","category-edukacja","category-ekologia","category-polecane","category-radomsko","category-wiadomosci"],"_links":{"self":[{"href":"https:\/\/gazetaregionalna.com\/index.php?rest_route=\/wp\/v2\/posts\/23294","targetHints":{"allow":["GET"]}}],"collection":[{"href":"https:\/\/gazetaregionalna.com\/index.php?rest_route=\/wp\/v2\/posts"}],"about":[{"href":"https:\/\/gazetaregionalna.com\/index.php?rest_route=\/wp\/v2\/types\/post"}],"author":[{"embeddable":true,"href":"https:\/\/gazetaregionalna.com\/index.php?rest_route=\/wp\/v2\/users\/12"}],"replies":[{"embeddable":true,"href":"https:\/\/gazetaregionalna.com\/index.php?rest_route=%2Fwp%2Fv2%2Fcomments&post=23294"}],"version-history":[{"count":2,"href":"https:\/\/gazetaregionalna.com\/index.php?rest_route=\/wp\/v2\/posts\/23294\/revisions"}],"predecessor-version":[{"id":23307,"href":"https:\/\/gazetaregionalna.com\/index.php?rest_route=\/wp\/v2\/posts\/23294\/revisions\/23307"}],"wp:featuredmedia":[{"embeddable":true,"href":"https:\/\/gazetaregionalna.com\/index.php?rest_route=\/wp\/v2\/media\/23299"}],"wp:attachment":[{"href":"https:\/\/gazetaregionalna.com\/index.php?rest_route=%2Fwp%2Fv2%2Fmedia&parent=23294"}],"wp:term":[{"taxonomy":"category","embeddable":true,"href":"https:\/\/gazetaregionalna.com\/index.php?rest_route=%2Fwp%2Fv2%2Fcategories&post=23294"},{"taxonomy":"post_tag","embeddable":true,"href":"https:\/\/gazetaregionalna.com\/index.php?rest_route=%2Fwp%2Fv2%2Ftags&post=23294"}],"curies":[{"name":"wp","href":"https:\/\/api.w.org\/{rel}","templated":true}]}}