{"id":23292,"date":"2020-10-13T11:49:21","date_gmt":"2020-10-13T11:49:21","guid":{"rendered":"https:\/\/gazetaregionalna.com\/?p=23292"},"modified":"2020-10-13T11:49:23","modified_gmt":"2020-10-13T11:49:23","slug":"nietypowe-zatrzymanie","status":"publish","type":"post","link":"https:\/\/gazetaregionalna.com\/?p=23292","title":{"rendered":"Nietypowe zatrzymanie poszukiwanego m\u0119\u017cczyzny"},"content":{"rendered":"\n<h2 class=\"wp-block-heading\">Stra\u017c miejska zatrzyma\u0142a\nm\u0119\u017cczyzn\u0119, kt\u00f3ry figurowa\u0142 w kartotece os\u00f3b poszukiwanych.<\/h2>\n\n\n\n<p>Do nietypowego zatrzymania\ndosz\u0142o w sobot\u0119 oko\u0142o godziny 10:25, kiedy to stra\u017cnicy miejscy zostali wezwani\ndo pomocy za\u0142ogi karetki pogotowia ratunkowego. <\/p>\n\n\n\n<p>Podczas pomocy nietrze\u017awy\nm\u0119\u017cczyzna mia\u0142 zosta\u0142 odebrany od zespo\u0142u ratunkowego i przetransportowany do\nOPOPA (O\u015brodka Pomocy Osobom z Problemami Alkoholowymi) w Cz\u0119stochowie. W\ntrakcie czynno\u015bci s\u0142u\u017cbowych okaza\u0142o si\u0119, \u017ce pacjent znajduje si\u0119 w rejestrze\nos\u00f3b poszukiwanych.<\/p>\n\n\n\n<p>Stra\u017cnicy miejscy zatrzymali i przewie\u017ali\nm\u0119\u017cczyzn\u0119 do OPOPA, gdzie pozostawili go do wytrze\u017awienia oraz do dyspozycji\nPolicji.<\/p>\n","protected":false},"excerpt":{"rendered":"<p>Stra\u017c miejska zatrzyma\u0142a m\u0119\u017cczyzn\u0119, kt\u00f3ry figurowa\u0142 w kartotece os\u00f3b poszukiwanych. Do nietypowego zatrzymania dosz\u0142o w sobot\u0119 oko\u0142o godziny 10:25, kiedy to stra\u017cnicy miejscy zostali<\/p>\n","protected":false},"author":12,"featured_media":9742,"comment_status":"open","ping_status":"open","sticky":false,"template":"","format":"standard","meta":{"_monsterinsights_skip_tracking":false,"_monsterinsights_sitenote_active":false,"_monsterinsights_sitenote_note":"","_monsterinsights_sitenote_category":0,"_uf_show_specific_survey":0,"_uf_disable_surveys":false,"footnotes":""},"categories":[44,3,94,2],"tags":[],"class_list":["post-23292","post","type-post","status-publish","format-standard","has-post-thumbnail","hentry","category-bezpieczenstwo","category-czestochowa-informacje","category-polecane","category-wiadomosci"],"_links":{"self":[{"href":"https:\/\/gazetaregionalna.com\/index.php?rest_route=\/wp\/v2\/posts\/23292","targetHints":{"allow":["GET"]}}],"collection":[{"href":"https:\/\/gazetaregionalna.com\/index.php?rest_route=\/wp\/v2\/posts"}],"about":[{"href":"https:\/\/gazetaregionalna.com\/index.php?rest_route=\/wp\/v2\/types\/post"}],"author":[{"embeddable":true,"href":"https:\/\/gazetaregionalna.com\/index.php?rest_route=\/wp\/v2\/users\/12"}],"replies":[{"embeddable":true,"href":"https:\/\/gazetaregionalna.com\/index.php?rest_route=%2Fwp%2Fv2%2Fcomments&post=23292"}],"version-history":[{"count":1,"href":"https:\/\/gazetaregionalna.com\/index.php?rest_route=\/wp\/v2\/posts\/23292\/revisions"}],"predecessor-version":[{"id":23293,"href":"https:\/\/gazetaregionalna.com\/index.php?rest_route=\/wp\/v2\/posts\/23292\/revisions\/23293"}],"wp:featuredmedia":[{"embeddable":true,"href":"https:\/\/gazetaregionalna.com\/index.php?rest_route=\/wp\/v2\/media\/9742"}],"wp:attachment":[{"href":"https:\/\/gazetaregionalna.com\/index.php?rest_route=%2Fwp%2Fv2%2Fmedia&parent=23292"}],"wp:term":[{"taxonomy":"category","embeddable":true,"href":"https:\/\/gazetaregionalna.com\/index.php?rest_route=%2Fwp%2Fv2%2Fcategories&post=23292"},{"taxonomy":"post_tag","embeddable":true,"href":"https:\/\/gazetaregionalna.com\/index.php?rest_route=%2Fwp%2Fv2%2Ftags&post=23292"}],"curies":[{"name":"wp","href":"https:\/\/api.w.org\/{rel}","templated":true}]}}